{"id":138,"date":"2016-05-01T16:53:22","date_gmt":"2016-05-01T15:53:22","guid":{"rendered":"http:\/\/sedirelyon.fr\/lesdiaconessesdurocher\/?p=138"},"modified":"2016-05-01T16:53:22","modified_gmt":"2016-05-01T15:53:22","slug":"desarroi-sur-bayonne","status":"publish","type":"post","link":"https:\/\/sedirelyon.fr\/lesdiaconessesdurocher\/2016\/05\/01\/desarroi-sur-bayonne\/","title":{"rendered":"D\u00e9sarroi sur Bayonne"},"content":{"rendered":"<p>Ma\u00eft\u00e9 Iratoqui, qui a tenu des postes importants dans le dioc\u00e8se de Bayonne nous livre un douloureux constat de la situations des chr\u00e9tiens dans son dioc\u00e8se.<\/p>\n<p><span style=\"font-size: 18pt;\"><strong>Le dioc\u00e8se de Bayonne cass\u00e9 en morceaux<\/strong><\/span><\/p>\n<p>L&rsquo;Eglise catholique, d\u00e8s l&rsquo;origine de son histoire, a r\u00e9uni r\u00e9guli\u00e8rement des conciles. Ces Assembl\u00e9es, &#8211; assembl\u00e9es des \u00e9v\u00eaques et des cardinaux autour du pape- renouvellent ou actualisent en fonction des recherches faites, la doctrine et la foi de l&rsquo;Eglise, sous l&rsquo;impulsion de l&rsquo;Esprit Saint.<\/p>\n<p>Le concile de 1962-65, concile Vatican II, avait, entre autres sujets, \u00e9tudi\u00e9 le myst\u00e8re de l&rsquo;Eglise et en particulier le th\u00e8me de \u00ab\u00a0l&rsquo;Eglise, peuple de Dieu\u00a0\u00bb. Jusqu&rsquo;\u00e0 cette date, l&rsquo;Eglise c&rsquo;\u00e9tait les \u00e9v\u00eaques, les pr\u00eatres, les religieux et religieuses car c&rsquo;\u00e9tait la hi\u00e9rarchie qui \u00e9tait premi\u00e8re et les gens ordinaires, le peuple, suivaient. La mission fondamentale \u00e9tant l&rsquo;enseignement et les sacrements, il en d\u00e9coulait naturellement que ceux qui avaient le savoir et la connaissance et avaient la charge de la communiquer, constituaient cette hi\u00e9rarchie.<\/p>\n<p>Depuis cette date, un grand changement s&rsquo;est op\u00e9r\u00e9, tant dans l&rsquo;Eglise que dans la soci\u00e9t\u00e9.<\/p>\n<p>&nbsp;<\/p>\n<p>A partir de ce concile une autre place a \u00e9t\u00e9 donn\u00e9e au peuple de Dieu dans l&rsquo;Eglise. La constitution dogmatique Lumen Gentium dit\u00a0: \u00ab<em>\u00a0Dieu&#8230; s&rsquo;est choisi le peuple d&rsquo;Isra\u00ebl pour \u00eatre son peuple avec qui il a fait alliance et qu&rsquo;il a progressivement instruit..\u00a0<\/em>\u00bb. Tous les baptis\u00e9s, tous les gens de bonne volont\u00e9 font partie du peuple de Dieu. \u00ab<em>\u00a0A faire partie du peuple de Dieu tous les hommes sont appel\u00e9s\u00a0<\/em>\u00bb dit le texte.\u00a0 Les personnes de toute g\u00e9n\u00e9ration, les femmes et les hommes, les pratiquants et ceux qui se sont \u00e9loign\u00e9s de l&rsquo;Eglise et ceux qui sont loin, ou ceux qui se sentent loin, ceux qui ne connaissent pas,\u00a0 tous, vraiment tous sont le peuple de Dieu.<\/p>\n<p>&nbsp;<\/p>\n<p>Pour accompagner les personnes sur le chemin de l&rsquo;\u00e9vangile, sur le chemin de la pri\u00e8re, pour faire unit\u00e9 dans la diversit\u00e9 de la personnalit\u00e9 de chacun et chacune, pour nous faire membres de la m\u00eame famille, il y a, au sein de ce peuple, des pr\u00eatres, des \u00e9v\u00eaques, des cardinaux et il y a un pape. Ils sont les accompagnateurs, les d\u00e9fenseurs dans les vents contraires. Ils sont ceux qui prot\u00e8gent, ceux qui gu\u00e9rissent, ceux qui prennent soin.<\/p>\n<p>&nbsp;<\/p>\n<p>Ces derni\u00e8res ann\u00e9es et de plus en plus, le dioc\u00e8se de Bayonne, Lescar et Oloron vit une sorte de tremblement de terre. Les chr\u00e9tiens, et aussi ceux qui se sont \u00e9loign\u00e9s de l&rsquo;Eglise mais qui gardent leur identit\u00e9 de chr\u00e9tien en eux, sont tr\u00e8s troubl\u00e9s.<\/p>\n<p>&nbsp;<\/p>\n<p>Dans des villes du Labourd, en particulier \u00e0 Biarritz et Bayonne, les paroissiens vont d&rsquo;\u00e9glise en \u00e9glise, cherchant o\u00f9 aller. Ceux du relais St Amand se sont dispers\u00e9s, comme des poussins effray\u00e9s \u00e0 l&rsquo;approche de l&rsquo;aigle. Quelques uns ici, d&rsquo;autres l\u00e0, nomades de relais en paroisse, de couvent en monast\u00e8re\u00a0!\u00a0 A Biarritz St Martin, le m\u00eame \u00e9v\u00e9nement s&rsquo;est produit. Des pratiquants sont all\u00e9s dans les \u00e9glises voisines. Certains sont demeur\u00e9s et tentent, co\u00fbte que co\u00fbte, de maintenir les liens. Mais quel combat dans leur foi quand ils entendent des propos ahurissants au cours des hom\u00e9lies\u00a0!<\/p>\n<p>&nbsp;<\/p>\n<p>Dans le m\u00eame temps, \u00e0 Bayonne, \u00e0 Biarritz, \u00e0 Pau, des gens sont devenus tr\u00e8s pratiquants. Ils aiment les c\u00e9r\u00e9monies o\u00f9 les psaumes, les dialogues sont chant\u00e9s en latin\u00a0; ils appr\u00e9cient que les enfants de choeur soient distingu\u00e9s entre les gar\u00e7ons qui sont auxiliaires du pr\u00eatre et les filles un peu plus loin, \u00e0 la porte de l&rsquo;\u00e9glise mais pas \u00e0 l&rsquo;autel\u00a0; ils aiment les processions et l&rsquo;encens, les beaux v\u00eatements sacerdotaux et les objets liturgiques magnifiques, afin d&rsquo;honorer Dieu comme il se doit.\u00a0 Nombreux sont ceux qui sont contents d&rsquo;avoir une messe. Quelle que soit la forme, quel que soit l&rsquo;enseignement du pr\u00e9dicateur, ces pratiquants sont satisfaits d&rsquo;avoir une messe. Ils veulent accomplir leur devoir de fid\u00e8le catholique.<\/p>\n<p>&nbsp;<\/p>\n<p>Des pratiquants se sentent mis hors de chez eux, jet\u00e9s dehors. Ils \u00e9taient cat\u00e9chistes, aides aux pr\u00eatres, pr\u00e9parant avec eux les chants de la liturgie, ou assurant l&rsquo;accueil au presbyt\u00e8re. Soudain, de jeunes pr\u00eatres nouveaux sont arriv\u00e9s avec les habitudes de leurs communaut\u00e9s. Eux n&rsquo;ont pas besoin d&rsquo;aides ou bien pr\u00e9f\u00e8rent des aides de leur choix. Les la\u00efcs engag\u00e9s ont d\u00fb partir.<\/p>\n<p>Le s\u00e9minaire de Bayonne \u00e9tait ferm\u00e9 et il est \u00e0 nouveau ouvert. C&rsquo;est une tr\u00e8s bonne nouvelle et un heureux \u00e9v\u00e9nement.\u00a0 Il n&rsquo;y a pas seulement un s\u00e9minaire, mais il y en a trois, deux \u00e0 Bayonne et un \u00e0 Anglet. Les s\u00e9minaristes sont nombreux, quelques uns originaires d&rsquo;ici, et la plupart venus de loin. Devant ces faits, des questions surgissent\u00a0: que sont ces trois s\u00e9minaires\u00a0? De rien comment peut-il en na\u00eetre trois\u00a0? Il se passe alors quelque chose de tr\u00e8s \u00e9tonnant\u00a0: tous devraient \u00eatre dans la joie de voir tous ces s\u00e9minaristes. Or, ce n&rsquo;est pas ce qui est ressenti par beaucoup. Le doute grandit, une d\u00e9fiance est n\u00e9e. Pourquoi tant de s\u00e9minaristes viennent-ils dans ce dioc\u00e8se, issus de plusieurs dioc\u00e8ses diff\u00e9rents\u00a0?<\/p>\n<p>Quand les informations ne sont pas clairement donn\u00e9es, quand les nouveaut\u00e9s ne sont pas d\u00e9clar\u00e9es officiellement, la rumeur grandit.<\/p>\n<p>&nbsp;<\/p>\n<p>De nombreuses personnes sont troubl\u00e9es par des propos de l&rsquo;\u00e9v\u00eaque et en particulier par la mani\u00e8re de les exprimer. Dans l&rsquo;Eglise catholique, l&rsquo;\u00e9v\u00eaque est le \u00ab\u00a0chef\u00a0\u00bb d&rsquo;un dioc\u00e8se, la t\u00eate, et ses paroles ont un retentissement tr\u00e8s important. Ce que dit l&rsquo;\u00e9v\u00eaque de Bayonne, le pape Fran\u00e7ois le dit aussi. Le message est le m\u00eame. Cependant il est \u00e0 remarquer que ce que dit le pape est bien re\u00e7u et que ce que dit l&rsquo;\u00e9v\u00eaque pose probl\u00e8me. Cette diff\u00e9rence d&rsquo;attitude, d&rsquo;o\u00f9 vient-elle\u00a0?<\/p>\n<p>Dans une communication, les destinataires per\u00e7oivent naturellement, \u00e0 la mani\u00e8re de dire le message, les motivations profondes de l&rsquo;\u00e9metteur. Ce n&rsquo;est pas la t\u00eate, ce n&rsquo;est pas l&rsquo;intelligence qui ressent. C&rsquo;est le c\u0153ur, c&rsquo;est-\u00e0-dire le besoin d&rsquo;amour qui fait comprendre au peuple la substance d&rsquo;un message. Selon le mobile de l&rsquo;\u00e9metteur, selon l&rsquo;objectif de l&rsquo;\u00e9metteur, le m\u00eame message sera re\u00e7u ou sera rejet\u00e9. Les brebis savent si le berger les aime ou non.<\/p>\n<p>&nbsp;<\/p>\n<p>Le dioc\u00e8se est triste, sombre. Les pr\u00eatres en particulier sont dans une situation difficile. Quelques uns voient avec bonheur que l&rsquo;Eglise se montre et qu&rsquo;elle s&rsquo;exprime enfin apr\u00e8s tant d&rsquo;ann\u00e9es d&rsquo;humilit\u00e9. Ils sont fiers d&rsquo;avoir en mains les affaires de l&rsquo;Eglise disant que ceux qui les ont pr\u00e9c\u00e9d\u00e9s, \u00e2g\u00e9s et us\u00e9s, n&rsquo;ont pas su pr\u00e9parer la suite, \u00ab<em>\u00a0n&rsquo;ont pas su engendrer\u00a0\u00bb.<\/em><\/p>\n<p>Or, ils sont nombreux, tr\u00e8s nombreux, ceux qui ont donn\u00e9 leur vie aux paroisses de ce dioc\u00e8se,\u00a0 aux gens de ce dioc\u00e8se et d&rsquo;ailleurs et qui sont maintenant trait\u00e9s comme des ex\u00e9cutants. Ils ne sont pas consid\u00e9r\u00e9s en tant que coop\u00e9rateurs de l&rsquo;\u00e9v\u00eaque, comme le demande le concile Vatican II. De plus, ils voient et ils entendent le malaise des fid\u00e8les de leur paroisse.<\/p>\n<p>&nbsp;<\/p>\n<p>Tout le monde est troubl\u00e9, perturb\u00e9\u00a0: les gens, les pr\u00eatres, les chr\u00e9tiens. En France, l&rsquo;Eglise et l&rsquo;Etat sont s\u00e9par\u00e9s, sont distincts, afin de respecter et pr\u00e9server la libert\u00e9 de chacun. Mais, durant ces ann\u00e9es et de plus en plus, les propos issus de l&rsquo;\u00e9v\u00each\u00e9 semblent li\u00e9s aux propos de l&rsquo;extr\u00eame droite. Or, il convient de regarder de pr\u00e8s les id\u00e9es de ce parti avant de les atteler avec le message de l&rsquo;\u00e9vangile.<\/p>\n<p>&nbsp;<\/p>\n<p>Les gens de ce dioc\u00e8se sont en train de se radicaliser. \u00ab\u00a0Chacun pour soi\u00a0\u00bb est l&rsquo;option de certains, dans une recherche de protection. De m\u00eame qu&rsquo;on fait le dos rond quand l&rsquo;orage \u00e9clate, de m\u00eame chacun va de son c\u00f4t\u00e9, accabl\u00e9 et malheureux. Pour d&rsquo;autres, la col\u00e8re gronde, ne sachant plus comment faire entendre leur souffrance \u00e0 ceux qui sont sourds et aveugles. Les traditionalisants, qui veulent faire du neuf avec du vieux, manifestent leur force montante.<\/p>\n<p>Ce sont l\u00e0 les fruits du double langage.<\/p>\n<p>&nbsp;<\/p>\n<p>Oui, le dioc\u00e8se de Bayonne, Lescar et Oloron est bless\u00e9, estropi\u00e9. Le troupeau est dispers\u00e9. Les gens sont inquiets. Les plaintes vont grossissant. Nous sommes divis\u00e9s. La confiance est perdue ou fortement diminu\u00e9e. Le dioc\u00e8se est malade.<\/p>\n<p>&nbsp;<\/p>\n<p><span style=\"font-size: 18pt;\">\u00a0\u00a0\u00a0\u00a0\u00a0\u00a0\u00a0\u00a0 Qui va entendre l&rsquo;appel \u00e0 l&rsquo;aide de ce dioc\u00e8se\u00a0?<\/span><\/p>\n<p><span style=\"font-size: 18pt;\">\u00a0\u00a0\u00a0\u00a0\u00a0\u00a0\u00a0\u00a0\u00a0\u00a0\u00a0 O\u00f9 est le berger\u00a0?<\/span><\/p>\n<p><span style=\"font-size: 18pt;\">\u00a0\u00a0\u00a0\u00a0\u00a0\u00a0\u00a0\u00a0\u00a0\u00a0\u00a0 Quand viendra un v\u00e9ritable pasteur\u00a0?<\/span><\/p>\n<p><span style=\"font-size: 18pt;\">\u00a0\u00a0\u00a0\u00a0\u00a0\u00a0\u00a0\u00a0\u00a0\u00a0\u00a0\u00a0\u00a0\u00a0\u00a0\u00a0\u00a0\u00a0\u00a0\u00a0\u00a0\u00a0\u00a0\u00a0\u00a0\u00a0\u00a0\u00a0\u00a0\u00a0\u00a0\u00a0\u00a0\u00a0\u00a0\u00a0\u00a0\u00a0\u00a0\u00a0\u00a0\u00a0\u00a0\u00a0\u00a0\u00a0\u00a0\u00a0\u00a0\u00a0\u00a0\u00a0\u00a0\u00a0\u00a0\u00a0\u00a0\u00a0\u00a0\u00a0\u00a0\u00a0\u00a0\u00a0\u00a0\u00a0\u00a0\u00a0\u00a0\u00a0\u00a0\u00a0\u00a0\u00a0\u00a0\u00a0\u00a0\u00a0\u00a0\u00a0\u00a0\u00a0\u00a0\u00a0\u00a0\u00a0\u00a0\u00a0\u00a0\u00a0\u00a0\u00a0\u00a0 Maite Irazoqui\u00a0 (traduit du basque)<\/span><\/p>\n<p><img data-recalc-dims=\"1\" loading=\"lazy\" decoding=\"async\" data-attachment-id=\"109\" data-permalink=\"https:\/\/sedirelyon.fr\/lesdiaconessesdurocher\/les-brebis\/brebis-kdo\/\" data-orig-file=\"https:\/\/i0.wp.com\/sedirelyon.fr\/lesdiaconessesdurocher\/wp-content\/uploads\/sites\/2\/2016\/02\/brebis-kdo.jpg?fit=2189%2C1642&amp;ssl=1\" data-orig-size=\"2189,1642\" data-comments-opened=\"1\" data-image-meta=\"{&quot;aperture&quot;:&quot;5&quot;,&quot;credit&quot;:&quot;&quot;,&quot;camera&quot;:&quot;Canon PowerShot SX10 IS&quot;,&quot;caption&quot;:&quot;&quot;,&quot;created_timestamp&quot;:&quot;1324699932&quot;,&quot;copyright&quot;:&quot;&quot;,&quot;focal_length&quot;:&quot;44.452&quot;,&quot;iso&quot;:&quot;80&quot;,&quot;shutter_speed&quot;:&quot;0.008&quot;,&quot;title&quot;:&quot;&quot;,&quot;orientation&quot;:&quot;1&quot;}\" data-image-title=\"brebis kdo\" data-image-description=\"\" data-image-caption=\"\" data-medium-file=\"https:\/\/i0.wp.com\/sedirelyon.fr\/lesdiaconessesdurocher\/wp-content\/uploads\/sites\/2\/2016\/02\/brebis-kdo.jpg?fit=300%2C225&amp;ssl=1\" data-large-file=\"https:\/\/i0.wp.com\/sedirelyon.fr\/lesdiaconessesdurocher\/wp-content\/uploads\/sites\/2\/2016\/02\/brebis-kdo.jpg?fit=840%2C630&amp;ssl=1\" class=\"aligncenter size-full wp-image-109\" src=\"https:\/\/i0.wp.com\/sedirelyon.fr\/lesdiaconessesdurocher\/wp-content\/uploads\/sites\/2\/2016\/02\/brebis-kdo.jpg?resize=840%2C630&#038;ssl=1\" alt=\"brebis kdo\" width=\"840\" height=\"630\" srcset=\"https:\/\/i0.wp.com\/sedirelyon.fr\/lesdiaconessesdurocher\/wp-content\/uploads\/sites\/2\/2016\/02\/brebis-kdo.jpg?w=2189&amp;ssl=1 2189w, https:\/\/i0.wp.com\/sedirelyon.fr\/lesdiaconessesdurocher\/wp-content\/uploads\/sites\/2\/2016\/02\/brebis-kdo.jpg?resize=300%2C225&amp;ssl=1 300w, https:\/\/i0.wp.com\/sedirelyon.fr\/lesdiaconessesdurocher\/wp-content\/uploads\/sites\/2\/2016\/02\/brebis-kdo.jpg?resize=768%2C576&amp;ssl=1 768w, https:\/\/i0.wp.com\/sedirelyon.fr\/lesdiaconessesdurocher\/wp-content\/uploads\/sites\/2\/2016\/02\/brebis-kdo.jpg?resize=1024%2C768&amp;ssl=1 1024w, https:\/\/i0.wp.com\/sedirelyon.fr\/lesdiaconessesdurocher\/wp-content\/uploads\/sites\/2\/2016\/02\/brebis-kdo.jpg?resize=1200%2C900&amp;ssl=1 1200w, https:\/\/i0.wp.com\/sedirelyon.fr\/lesdiaconessesdurocher\/wp-content\/uploads\/sites\/2\/2016\/02\/brebis-kdo.jpg?w=1680&amp;ssl=1 1680w\" sizes=\"auto, (max-width: 709px) 85vw, (max-width: 909px) 67vw, (max-width: 1362px) 62vw, 840px\" \/><\/p>\n<p>&nbsp;<\/p>\n","protected":false},"excerpt":{"rendered":"<p>Ma\u00eft\u00e9 Iratoqui, qui a tenu des postes importants dans le dioc\u00e8se de Bayonne nous livre un douloureux constat de la situations des chr\u00e9tiens dans son dioc\u00e8se. Le dioc\u00e8se de Bayonne cass\u00e9 en morceaux L&rsquo;Eglise catholique, d\u00e8s l&rsquo;origine de son histoire, a r\u00e9uni r\u00e9guli\u00e8rement des conciles. Ces Assembl\u00e9es, &#8211; assembl\u00e9es des \u00e9v\u00eaques et des cardinaux autour &hellip; <a href=\"https:\/\/sedirelyon.fr\/lesdiaconessesdurocher\/2016\/05\/01\/desarroi-sur-bayonne\/\" class=\"more-link\">Continuer la lecture<span class=\"screen-reader-text\"> de &laquo;&nbsp;D\u00e9sarroi sur Bayonne&nbsp;&raquo;<\/span><\/a><\/p>\n","protected":false},"author":1,"featured_media":0,"comment_status":"open","ping_status":"open","sticky":false,"template":"","format":"standard","meta":{"jetpack_post_was_ever_published":false,"_jetpack_newsletter_access":"","_jetpack_dont_email_post_to_subs":false,"_jetpack_newsletter_tier_id":0,"_jetpack_memberships_contains_paywalled_content":false,"_jetpack_memberships_contains_paid_content":false,"footnotes":"","jetpack_publicize_message":"","jetpack_publicize_feature_enabled":true,"jetpack_social_post_already_shared":false,"jetpack_social_options":{"image_generator_settings":{"template":"highway","default_image_id":0,"enabled":false},"version":2}},"categories":[1],"tags":[],"class_list":["post-138","post","type-post","status-publish","format-standard","hentry","category-non-classe"],"yoast_head":"<!-- This site is optimized with the Yoast SEO plugin v27.4 - https:\/\/yoast.com\/product\/yoast-seo-wordpress\/ -->\n<title>D\u00e9sarroi sur Bayonne - Les Diaconesses du Rocher<\/title>\n<meta name=\"robots\" content=\"index, follow, max-snippet:-1, max-image-preview:large, max-video-preview:-1\" \/>\n<link rel=\"canonical\" href=\"https:\/\/sedirelyon.fr\/lesdiaconessesdurocher\/2016\/05\/01\/desarroi-sur-bayonne\/\" \/>\n<meta property=\"og:locale\" content=\"fr_FR\" \/>\n<meta property=\"og:type\" content=\"article\" \/>\n<meta property=\"og:title\" content=\"D\u00e9sarroi sur Bayonne - Les Diaconesses du Rocher\" \/>\n<meta property=\"og:description\" content=\"Ma\u00eft\u00e9 Iratoqui, qui a tenu des postes importants dans le dioc\u00e8se de Bayonne nous livre un douloureux constat de la situations des chr\u00e9tiens dans son dioc\u00e8se. Le dioc\u00e8se de Bayonne cass\u00e9 en morceaux L&rsquo;Eglise catholique, d\u00e8s l&rsquo;origine de son histoire, a r\u00e9uni r\u00e9guli\u00e8rement des conciles. Ces Assembl\u00e9es, &#8211; assembl\u00e9es des \u00e9v\u00eaques et des cardinaux autour &hellip; Continuer la lecture de &laquo;&nbsp;D\u00e9sarroi sur Bayonne&nbsp;&raquo;\" \/>\n<meta property=\"og:url\" content=\"https:\/\/sedirelyon.fr\/lesdiaconessesdurocher\/2016\/05\/01\/desarroi-sur-bayonne\/\" \/>\n<meta property=\"og:site_name\" content=\"Les Diaconesses du Rocher\" \/>\n<meta property=\"article:published_time\" content=\"2016-05-01T15:53:22+00:00\" \/>\n<meta property=\"og:image\" content=\"https:\/\/sedirelyon.fr\/lesdiaconessesdurocher\/wp-content\/uploads\/sites\/2\/2016\/02\/brebis-kdo.jpg\" \/>\n<meta name=\"author\" content=\"nathaliemignonat\" \/>\n<meta name=\"twitter:card\" content=\"summary_large_image\" \/>\n<meta name=\"twitter:label1\" content=\"\u00c9crit par\" \/>\n\t<meta name=\"twitter:data1\" content=\"nathaliemignonat\" \/>\n\t<meta name=\"twitter:label2\" content=\"Dur\u00e9e de lecture estim\u00e9e\" \/>\n\t<meta name=\"twitter:data2\" content=\"8 minutes\" \/>\n<script type=\"application\/ld+json\" class=\"yoast-schema-graph\">{\"@context\":\"https:\\\/\\\/schema.org\",\"@graph\":[{\"@type\":\"Article\",\"@id\":\"https:\\\/\\\/sedirelyon.fr\\\/lesdiaconessesdurocher\\\/2016\\\/05\\\/01\\\/desarroi-sur-bayonne\\\/#article\",\"isPartOf\":{\"@id\":\"https:\\\/\\\/sedirelyon.fr\\\/lesdiaconessesdurocher\\\/2016\\\/05\\\/01\\\/desarroi-sur-bayonne\\\/\"},\"author\":{\"name\":\"nathaliemignonat\",\"@id\":\"https:\\\/\\\/sedirelyon.fr\\\/lesdiaconessesdurocher\\\/#\\\/schema\\\/person\\\/fec69ce68ddb87cae58190bb2da6585c\"},\"headline\":\"D\u00e9sarroi sur Bayonne\",\"datePublished\":\"2016-05-01T15:53:22+00:00\",\"mainEntityOfPage\":{\"@id\":\"https:\\\/\\\/sedirelyon.fr\\\/lesdiaconessesdurocher\\\/2016\\\/05\\\/01\\\/desarroi-sur-bayonne\\\/\"},\"wordCount\":1575,\"commentCount\":0,\"image\":{\"@id\":\"https:\\\/\\\/sedirelyon.fr\\\/lesdiaconessesdurocher\\\/2016\\\/05\\\/01\\\/desarroi-sur-bayonne\\\/#primaryimage\"},\"thumbnailUrl\":\"https:\\\/\\\/sedirelyon.fr\\\/lesdiaconessesdurocher\\\/wp-content\\\/uploads\\\/sites\\\/2\\\/2016\\\/02\\\/brebis-kdo.jpg\",\"inLanguage\":\"fr-FR\",\"potentialAction\":[{\"@type\":\"CommentAction\",\"name\":\"Comment\",\"target\":[\"https:\\\/\\\/sedirelyon.fr\\\/lesdiaconessesdurocher\\\/2016\\\/05\\\/01\\\/desarroi-sur-bayonne\\\/#respond\"]}]},{\"@type\":\"WebPage\",\"@id\":\"https:\\\/\\\/sedirelyon.fr\\\/lesdiaconessesdurocher\\\/2016\\\/05\\\/01\\\/desarroi-sur-bayonne\\\/\",\"url\":\"https:\\\/\\\/sedirelyon.fr\\\/lesdiaconessesdurocher\\\/2016\\\/05\\\/01\\\/desarroi-sur-bayonne\\\/\",\"name\":\"D\u00e9sarroi sur Bayonne - Les Diaconesses du Rocher\",\"isPartOf\":{\"@id\":\"https:\\\/\\\/sedirelyon.fr\\\/lesdiaconessesdurocher\\\/#website\"},\"primaryImageOfPage\":{\"@id\":\"https:\\\/\\\/sedirelyon.fr\\\/lesdiaconessesdurocher\\\/2016\\\/05\\\/01\\\/desarroi-sur-bayonne\\\/#primaryimage\"},\"image\":{\"@id\":\"https:\\\/\\\/sedirelyon.fr\\\/lesdiaconessesdurocher\\\/2016\\\/05\\\/01\\\/desarroi-sur-bayonne\\\/#primaryimage\"},\"thumbnailUrl\":\"https:\\\/\\\/sedirelyon.fr\\\/lesdiaconessesdurocher\\\/wp-content\\\/uploads\\\/sites\\\/2\\\/2016\\\/02\\\/brebis-kdo.jpg\",\"datePublished\":\"2016-05-01T15:53:22+00:00\",\"author\":{\"@id\":\"https:\\\/\\\/sedirelyon.fr\\\/lesdiaconessesdurocher\\\/#\\\/schema\\\/person\\\/fec69ce68ddb87cae58190bb2da6585c\"},\"breadcrumb\":{\"@id\":\"https:\\\/\\\/sedirelyon.fr\\\/lesdiaconessesdurocher\\\/2016\\\/05\\\/01\\\/desarroi-sur-bayonne\\\/#breadcrumb\"},\"inLanguage\":\"fr-FR\",\"potentialAction\":[{\"@type\":\"ReadAction\",\"target\":[\"https:\\\/\\\/sedirelyon.fr\\\/lesdiaconessesdurocher\\\/2016\\\/05\\\/01\\\/desarroi-sur-bayonne\\\/\"]}]},{\"@type\":\"ImageObject\",\"inLanguage\":\"fr-FR\",\"@id\":\"https:\\\/\\\/sedirelyon.fr\\\/lesdiaconessesdurocher\\\/2016\\\/05\\\/01\\\/desarroi-sur-bayonne\\\/#primaryimage\",\"url\":\"https:\\\/\\\/i0.wp.com\\\/sedirelyon.fr\\\/lesdiaconessesdurocher\\\/wp-content\\\/uploads\\\/sites\\\/2\\\/2016\\\/02\\\/brebis-kdo.jpg?fit=2189%2C1642&ssl=1\",\"contentUrl\":\"https:\\\/\\\/i0.wp.com\\\/sedirelyon.fr\\\/lesdiaconessesdurocher\\\/wp-content\\\/uploads\\\/sites\\\/2\\\/2016\\\/02\\\/brebis-kdo.jpg?fit=2189%2C1642&ssl=1\",\"width\":2189,\"height\":1642},{\"@type\":\"BreadcrumbList\",\"@id\":\"https:\\\/\\\/sedirelyon.fr\\\/lesdiaconessesdurocher\\\/2016\\\/05\\\/01\\\/desarroi-sur-bayonne\\\/#breadcrumb\",\"itemListElement\":[{\"@type\":\"ListItem\",\"position\":1,\"name\":\"Accueil\",\"item\":\"https:\\\/\\\/sedirelyon.fr\\\/lesdiaconessesdurocher\\\/\"},{\"@type\":\"ListItem\",\"position\":2,\"name\":\"D\u00e9sarroi sur Bayonne\"}]},{\"@type\":\"WebSite\",\"@id\":\"https:\\\/\\\/sedirelyon.fr\\\/lesdiaconessesdurocher\\\/#website\",\"url\":\"https:\\\/\\\/sedirelyon.fr\\\/lesdiaconessesdurocher\\\/\",\"name\":\"Les Diaconesses du Rocher\",\"description\":\"des femmes dans l&#039;Eglise\",\"potentialAction\":[{\"@type\":\"SearchAction\",\"target\":{\"@type\":\"EntryPoint\",\"urlTemplate\":\"https:\\\/\\\/sedirelyon.fr\\\/lesdiaconessesdurocher\\\/?s={search_term_string}\"},\"query-input\":{\"@type\":\"PropertyValueSpecification\",\"valueRequired\":true,\"valueName\":\"search_term_string\"}}],\"inLanguage\":\"fr-FR\"},{\"@type\":\"Person\",\"@id\":\"https:\\\/\\\/sedirelyon.fr\\\/lesdiaconessesdurocher\\\/#\\\/schema\\\/person\\\/fec69ce68ddb87cae58190bb2da6585c\",\"name\":\"nathaliemignonat\",\"image\":{\"@type\":\"ImageObject\",\"inLanguage\":\"fr-FR\",\"@id\":\"https:\\\/\\\/secure.gravatar.com\\\/avatar\\\/43b6c881825b4291900a6ca166839d84423e547afe9939045766753e028b6776?s=96&d=mm&r=g\",\"url\":\"https:\\\/\\\/secure.gravatar.com\\\/avatar\\\/43b6c881825b4291900a6ca166839d84423e547afe9939045766753e028b6776?s=96&d=mm&r=g\",\"contentUrl\":\"https:\\\/\\\/secure.gravatar.com\\\/avatar\\\/43b6c881825b4291900a6ca166839d84423e547afe9939045766753e028b6776?s=96&d=mm&r=g\",\"caption\":\"nathaliemignonat\"},\"url\":\"https:\\\/\\\/sedirelyon.fr\\\/lesdiaconessesdurocher\\\/author\\\/nathaliemignonat\\\/\"}]}<\/script>\n<!-- \/ Yoast SEO plugin. -->","yoast_head_json":{"title":"D\u00e9sarroi sur Bayonne - Les Diaconesses du Rocher","robots":{"index":"index","follow":"follow","max-snippet":"max-snippet:-1","max-image-preview":"max-image-preview:large","max-video-preview":"max-video-preview:-1"},"canonical":"https:\/\/sedirelyon.fr\/lesdiaconessesdurocher\/2016\/05\/01\/desarroi-sur-bayonne\/","og_locale":"fr_FR","og_type":"article","og_title":"D\u00e9sarroi sur Bayonne - Les Diaconesses du Rocher","og_description":"Ma\u00eft\u00e9 Iratoqui, qui a tenu des postes importants dans le dioc\u00e8se de Bayonne nous livre un douloureux constat de la situations des chr\u00e9tiens dans son dioc\u00e8se. Le dioc\u00e8se de Bayonne cass\u00e9 en morceaux L&rsquo;Eglise catholique, d\u00e8s l&rsquo;origine de son histoire, a r\u00e9uni r\u00e9guli\u00e8rement des conciles. Ces Assembl\u00e9es, &#8211; assembl\u00e9es des \u00e9v\u00eaques et des cardinaux autour &hellip; Continuer la lecture de &laquo;&nbsp;D\u00e9sarroi sur Bayonne&nbsp;&raquo;","og_url":"https:\/\/sedirelyon.fr\/lesdiaconessesdurocher\/2016\/05\/01\/desarroi-sur-bayonne\/","og_site_name":"Les Diaconesses du Rocher","article_published_time":"2016-05-01T15:53:22+00:00","og_image":[{"url":"https:\/\/sedirelyon.fr\/lesdiaconessesdurocher\/wp-content\/uploads\/sites\/2\/2016\/02\/brebis-kdo.jpg","type":"","width":"","height":""}],"author":"nathaliemignonat","twitter_card":"summary_large_image","twitter_misc":{"\u00c9crit par":"nathaliemignonat","Dur\u00e9e de lecture estim\u00e9e":"8 minutes"},"schema":{"@context":"https:\/\/schema.org","@graph":[{"@type":"Article","@id":"https:\/\/sedirelyon.fr\/lesdiaconessesdurocher\/2016\/05\/01\/desarroi-sur-bayonne\/#article","isPartOf":{"@id":"https:\/\/sedirelyon.fr\/lesdiaconessesdurocher\/2016\/05\/01\/desarroi-sur-bayonne\/"},"author":{"name":"nathaliemignonat","@id":"https:\/\/sedirelyon.fr\/lesdiaconessesdurocher\/#\/schema\/person\/fec69ce68ddb87cae58190bb2da6585c"},"headline":"D\u00e9sarroi sur Bayonne","datePublished":"2016-05-01T15:53:22+00:00","mainEntityOfPage":{"@id":"https:\/\/sedirelyon.fr\/lesdiaconessesdurocher\/2016\/05\/01\/desarroi-sur-bayonne\/"},"wordCount":1575,"commentCount":0,"image":{"@id":"https:\/\/sedirelyon.fr\/lesdiaconessesdurocher\/2016\/05\/01\/desarroi-sur-bayonne\/#primaryimage"},"thumbnailUrl":"https:\/\/sedirelyon.fr\/lesdiaconessesdurocher\/wp-content\/uploads\/sites\/2\/2016\/02\/brebis-kdo.jpg","inLanguage":"fr-FR","potentialAction":[{"@type":"CommentAction","name":"Comment","target":["https:\/\/sedirelyon.fr\/lesdiaconessesdurocher\/2016\/05\/01\/desarroi-sur-bayonne\/#respond"]}]},{"@type":"WebPage","@id":"https:\/\/sedirelyon.fr\/lesdiaconessesdurocher\/2016\/05\/01\/desarroi-sur-bayonne\/","url":"https:\/\/sedirelyon.fr\/lesdiaconessesdurocher\/2016\/05\/01\/desarroi-sur-bayonne\/","name":"D\u00e9sarroi sur Bayonne - Les Diaconesses du Rocher","isPartOf":{"@id":"https:\/\/sedirelyon.fr\/lesdiaconessesdurocher\/#website"},"primaryImageOfPage":{"@id":"https:\/\/sedirelyon.fr\/lesdiaconessesdurocher\/2016\/05\/01\/desarroi-sur-bayonne\/#primaryimage"},"image":{"@id":"https:\/\/sedirelyon.fr\/lesdiaconessesdurocher\/2016\/05\/01\/desarroi-sur-bayonne\/#primaryimage"},"thumbnailUrl":"https:\/\/sedirelyon.fr\/lesdiaconessesdurocher\/wp-content\/uploads\/sites\/2\/2016\/02\/brebis-kdo.jpg","datePublished":"2016-05-01T15:53:22+00:00","author":{"@id":"https:\/\/sedirelyon.fr\/lesdiaconessesdurocher\/#\/schema\/person\/fec69ce68ddb87cae58190bb2da6585c"},"breadcrumb":{"@id":"https:\/\/sedirelyon.fr\/lesdiaconessesdurocher\/2016\/05\/01\/desarroi-sur-bayonne\/#breadcrumb"},"inLanguage":"fr-FR","potentialAction":[{"@type":"ReadAction","target":["https:\/\/sedirelyon.fr\/lesdiaconessesdurocher\/2016\/05\/01\/desarroi-sur-bayonne\/"]}]},{"@type":"ImageObject","inLanguage":"fr-FR","@id":"https:\/\/sedirelyon.fr\/lesdiaconessesdurocher\/2016\/05\/01\/desarroi-sur-bayonne\/#primaryimage","url":"https:\/\/i0.wp.com\/sedirelyon.fr\/lesdiaconessesdurocher\/wp-content\/uploads\/sites\/2\/2016\/02\/brebis-kdo.jpg?fit=2189%2C1642&ssl=1","contentUrl":"https:\/\/i0.wp.com\/sedirelyon.fr\/lesdiaconessesdurocher\/wp-content\/uploads\/sites\/2\/2016\/02\/brebis-kdo.jpg?fit=2189%2C1642&ssl=1","width":2189,"height":1642},{"@type":"BreadcrumbList","@id":"https:\/\/sedirelyon.fr\/lesdiaconessesdurocher\/2016\/05\/01\/desarroi-sur-bayonne\/#breadcrumb","itemListElement":[{"@type":"ListItem","position":1,"name":"Accueil","item":"https:\/\/sedirelyon.fr\/lesdiaconessesdurocher\/"},{"@type":"ListItem","position":2,"name":"D\u00e9sarroi sur Bayonne"}]},{"@type":"WebSite","@id":"https:\/\/sedirelyon.fr\/lesdiaconessesdurocher\/#website","url":"https:\/\/sedirelyon.fr\/lesdiaconessesdurocher\/","name":"Les Diaconesses du Rocher","description":"des femmes dans l&#039;Eglise","potentialAction":[{"@type":"SearchAction","target":{"@type":"EntryPoint","urlTemplate":"https:\/\/sedirelyon.fr\/lesdiaconessesdurocher\/?s={search_term_string}"},"query-input":{"@type":"PropertyValueSpecification","valueRequired":true,"valueName":"search_term_string"}}],"inLanguage":"fr-FR"},{"@type":"Person","@id":"https:\/\/sedirelyon.fr\/lesdiaconessesdurocher\/#\/schema\/person\/fec69ce68ddb87cae58190bb2da6585c","name":"nathaliemignonat","image":{"@type":"ImageObject","inLanguage":"fr-FR","@id":"https:\/\/secure.gravatar.com\/avatar\/43b6c881825b4291900a6ca166839d84423e547afe9939045766753e028b6776?s=96&d=mm&r=g","url":"https:\/\/secure.gravatar.com\/avatar\/43b6c881825b4291900a6ca166839d84423e547afe9939045766753e028b6776?s=96&d=mm&r=g","contentUrl":"https:\/\/secure.gravatar.com\/avatar\/43b6c881825b4291900a6ca166839d84423e547afe9939045766753e028b6776?s=96&d=mm&r=g","caption":"nathaliemignonat"},"url":"https:\/\/sedirelyon.fr\/lesdiaconessesdurocher\/author\/nathaliemignonat\/"}]}},"jetpack_publicize_connections":[],"jetpack_featured_media_url":"","jetpack_sharing_enabled":true,"jetpack_shortlink":"https:\/\/wp.me\/p7xNTI-2e","jetpack-related-posts":[],"_links":{"self":[{"href":"https:\/\/sedirelyon.fr\/lesdiaconessesdurocher\/wp-json\/wp\/v2\/posts\/138","targetHints":{"allow":["GET"]}}],"collection":[{"href":"https:\/\/sedirelyon.fr\/lesdiaconessesdurocher\/wp-json\/wp\/v2\/posts"}],"about":[{"href":"https:\/\/sedirelyon.fr\/lesdiaconessesdurocher\/wp-json\/wp\/v2\/types\/post"}],"author":[{"embeddable":true,"href":"https:\/\/sedirelyon.fr\/lesdiaconessesdurocher\/wp-json\/wp\/v2\/users\/1"}],"replies":[{"embeddable":true,"href":"https:\/\/sedirelyon.fr\/lesdiaconessesdurocher\/wp-json\/wp\/v2\/comments?post=138"}],"version-history":[{"count":1,"href":"https:\/\/sedirelyon.fr\/lesdiaconessesdurocher\/wp-json\/wp\/v2\/posts\/138\/revisions"}],"predecessor-version":[{"id":139,"href":"https:\/\/sedirelyon.fr\/lesdiaconessesdurocher\/wp-json\/wp\/v2\/posts\/138\/revisions\/139"}],"wp:attachment":[{"href":"https:\/\/sedirelyon.fr\/lesdiaconessesdurocher\/wp-json\/wp\/v2\/media?parent=138"}],"wp:term":[{"taxonomy":"category","embeddable":true,"href":"https:\/\/sedirelyon.fr\/lesdiaconessesdurocher\/wp-json\/wp\/v2\/categories?post=138"},{"taxonomy":"post_tag","embeddable":true,"href":"https:\/\/sedirelyon.fr\/lesdiaconessesdurocher\/wp-json\/wp\/v2\/tags?post=138"}],"curies":[{"name":"wp","href":"https:\/\/api.w.org\/{rel}","templated":true}]}}