{"id":147,"date":"2016-05-16T17:41:09","date_gmt":"2016-05-16T16:41:09","guid":{"rendered":"http:\/\/sedirelyon.fr\/lesdiaconessesdurocher\/?p=147"},"modified":"2016-05-16T17:41:09","modified_gmt":"2016-05-16T16:41:09","slug":"une-nouvelle-extraorinaire","status":"publish","type":"post","link":"https:\/\/sedirelyon.fr\/lesdiaconessesdurocher\/2016\/05\/16\/une-nouvelle-extraorinaire\/","title":{"rendered":"Une nouvelle extraordinaire"},"content":{"rendered":"<p>Ca fait une semaine qu&rsquo;on ne parle que de cela : le pape aurait \u00a0\u00bb ouvert\u00a0\u00bb le diaconat aux femmes !<\/p>\n<p><img data-recalc-dims=\"1\" loading=\"lazy\" decoding=\"async\" data-attachment-id=\"115\" data-permalink=\"https:\/\/sedirelyon.fr\/lesdiaconessesdurocher\/qui-sommes-nous\/diaconesses-mozaicverte\/\" data-orig-file=\"https:\/\/i0.wp.com\/sedirelyon.fr\/lesdiaconessesdurocher\/wp-content\/uploads\/sites\/2\/2016\/02\/diaconesses-mozaicverte.jpg?fit=2079%2C813&amp;ssl=1\" data-orig-size=\"2079,813\" data-comments-opened=\"1\" data-image-meta=\"{&quot;aperture&quot;:&quot;0&quot;,&quot;credit&quot;:&quot;&quot;,&quot;camera&quot;:&quot;&quot;,&quot;caption&quot;:&quot;&quot;,&quot;created_timestamp&quot;:&quot;0&quot;,&quot;copyright&quot;:&quot;&quot;,&quot;focal_length&quot;:&quot;0&quot;,&quot;iso&quot;:&quot;0&quot;,&quot;shutter_speed&quot;:&quot;0&quot;,&quot;title&quot;:&quot;&quot;,&quot;orientation&quot;:&quot;0&quot;}\" data-image-title=\"diaconesses mozaicverte\" data-image-description=\"\" data-image-caption=\"\" data-medium-file=\"https:\/\/i0.wp.com\/sedirelyon.fr\/lesdiaconessesdurocher\/wp-content\/uploads\/sites\/2\/2016\/02\/diaconesses-mozaicverte.jpg?fit=300%2C117&amp;ssl=1\" data-large-file=\"https:\/\/i0.wp.com\/sedirelyon.fr\/lesdiaconessesdurocher\/wp-content\/uploads\/sites\/2\/2016\/02\/diaconesses-mozaicverte.jpg?fit=840%2C328&amp;ssl=1\" class=\"aligncenter size-full wp-image-115\" src=\"https:\/\/i0.wp.com\/sedirelyon.fr\/lesdiaconessesdurocher\/wp-content\/uploads\/sites\/2\/2016\/02\/diaconesses-mozaicverte.jpg?resize=840%2C328&#038;ssl=1\" alt=\"diaconesses mozaicverte\" width=\"840\" height=\"328\" srcset=\"https:\/\/i0.wp.com\/sedirelyon.fr\/lesdiaconessesdurocher\/wp-content\/uploads\/sites\/2\/2016\/02\/diaconesses-mozaicverte.jpg?w=2079&amp;ssl=1 2079w, https:\/\/i0.wp.com\/sedirelyon.fr\/lesdiaconessesdurocher\/wp-content\/uploads\/sites\/2\/2016\/02\/diaconesses-mozaicverte.jpg?resize=300%2C117&amp;ssl=1 300w, https:\/\/i0.wp.com\/sedirelyon.fr\/lesdiaconessesdurocher\/wp-content\/uploads\/sites\/2\/2016\/02\/diaconesses-mozaicverte.jpg?resize=768%2C300&amp;ssl=1 768w, https:\/\/i0.wp.com\/sedirelyon.fr\/lesdiaconessesdurocher\/wp-content\/uploads\/sites\/2\/2016\/02\/diaconesses-mozaicverte.jpg?resize=1024%2C400&amp;ssl=1 1024w, https:\/\/i0.wp.com\/sedirelyon.fr\/lesdiaconessesdurocher\/wp-content\/uploads\/sites\/2\/2016\/02\/diaconesses-mozaicverte.jpg?resize=1200%2C469&amp;ssl=1 1200w, https:\/\/i0.wp.com\/sedirelyon.fr\/lesdiaconessesdurocher\/wp-content\/uploads\/sites\/2\/2016\/02\/diaconesses-mozaicverte.jpg?w=1680&amp;ssl=1 1680w\" sizes=\"auto, (max-width: 709px) 85vw, (max-width: 909px) 67vw, (max-width: 1362px) 62vw, 840px\" \/><\/p>\n<p>Voici l&rsquo;annonce:<\/p>\n<p><a href=\"https:\/\/sedirelyon.fr\/lesdiaconessesdurocher\/diaconat-2016\/creation-diaconat-feminin\/\" target=\"_blank\"><strong>Le Pape Fran\u00e7ois pr\u00eat \u00e0 cr\u00e9er une commission d&rsquo;\u00e9tude sur le diaconat f\u00e9minin<\/strong>&#8230;.<\/a><\/p>\n<p>Mais \u00e9videmment la presse s&rsquo;est un peu emball\u00e9e<a href=\"https:\/\/sedirelyon.fr\/lesdiaconessesdurocher\/diaconat-2016\/12-mai-mots-pape\/\" target=\"_blank\">&#8230;qu&rsquo;a dit exactement Fran\u00e7ois<\/a> au pr\u00e8s de 900 sup\u00e9rieures de congr\u00e9gations r\u00e9unies pour leur congr\u00e8s .<\/p>\n","protected":false},"excerpt":{"rendered":"<p>Ca fait une semaine qu&rsquo;on ne parle que de cela : le pape aurait \u00a0\u00bb ouvert\u00a0\u00bb le diaconat aux femmes ! Voici l&rsquo;annonce: Le Pape Fran\u00e7ois pr\u00eat \u00e0 cr\u00e9er une commission d&rsquo;\u00e9tude sur le diaconat f\u00e9minin&#8230;. Mais \u00e9videmment la presse s&rsquo;est un peu emball\u00e9e&#8230;qu&rsquo;a dit exactement Fran\u00e7ois au pr\u00e8s de 900 sup\u00e9rieures de congr\u00e9gations r\u00e9unies &hellip; <a href=\"https:\/\/sedirelyon.fr\/lesdiaconessesdurocher\/2016\/05\/16\/une-nouvelle-extraorinaire\/\" class=\"more-link\">Continuer la lecture<span class=\"screen-reader-text\"> de &laquo;&nbsp;Une nouvelle extraordinaire&nbsp;&raquo;<\/span><\/a><\/p>\n","protected":false},"author":1,"featured_media":0,"comment_status":"open","ping_status":"open","sticky":false,"template":"","format":"standard","meta":{"jetpack_post_was_ever_published":false,"_jetpack_newsletter_access":"","_jetpack_dont_email_post_to_subs":false,"_jetpack_newsletter_tier_id":0,"_jetpack_memberships_contains_paywalled_content":false,"_jetpack_memberships_contains_paid_content":false,"footnotes":"","jetpack_publicize_message":"","jetpack_publicize_feature_enabled":true,"jetpack_social_post_already_shared":true,"jetpack_social_options":{"image_generator_settings":{"template":"highway","default_image_id":0,"enabled":false},"version":2}},"categories":[1],"tags":[],"class_list":["post-147","post","type-post","status-publish","format-standard","hentry","category-non-classe"],"yoast_head":"<!-- This site is optimized with the Yoast SEO plugin v27.4 - https:\/\/yoast.com\/product\/yoast-seo-wordpress\/ -->\n<title>Une nouvelle extraordinaire - Les Diaconesses du Rocher<\/title>\n<meta name=\"robots\" content=\"index, follow, max-snippet:-1, max-image-preview:large, max-video-preview:-1\" \/>\n<link rel=\"canonical\" href=\"https:\/\/sedirelyon.fr\/lesdiaconessesdurocher\/2016\/05\/16\/une-nouvelle-extraorinaire\/\" \/>\n<meta property=\"og:locale\" content=\"fr_FR\" \/>\n<meta property=\"og:type\" content=\"article\" \/>\n<meta property=\"og:title\" content=\"Une nouvelle extraordinaire - Les Diaconesses du Rocher\" \/>\n<meta property=\"og:description\" content=\"Ca fait une semaine qu&rsquo;on ne parle que de cela : le pape aurait \u00a0\u00bb ouvert\u00a0\u00bb le diaconat aux femmes ! Voici l&rsquo;annonce: Le Pape Fran\u00e7ois pr\u00eat \u00e0 cr\u00e9er une commission d&rsquo;\u00e9tude sur le diaconat f\u00e9minin&#8230;. Mais \u00e9videmment la presse s&rsquo;est un peu emball\u00e9e&#8230;qu&rsquo;a dit exactement Fran\u00e7ois au pr\u00e8s de 900 sup\u00e9rieures de congr\u00e9gations r\u00e9unies &hellip; Continuer la lecture de &laquo;&nbsp;Une nouvelle extraordinaire&nbsp;&raquo;\" \/>\n<meta property=\"og:url\" content=\"https:\/\/sedirelyon.fr\/lesdiaconessesdurocher\/2016\/05\/16\/une-nouvelle-extraorinaire\/\" \/>\n<meta property=\"og:site_name\" content=\"Les Diaconesses du Rocher\" \/>\n<meta property=\"article:published_time\" content=\"2016-05-16T16:41:09+00:00\" \/>\n<meta property=\"og:image\" content=\"https:\/\/sedirelyon.fr\/lesdiaconessesdurocher\/wp-content\/uploads\/sites\/2\/2016\/02\/diaconesses-mozaicverte.jpg\" \/>\n<meta name=\"author\" content=\"nathaliemignonat\" \/>\n<meta name=\"twitter:card\" content=\"summary_large_image\" \/>\n<meta name=\"twitter:label1\" content=\"\u00c9crit par\" \/>\n\t<meta name=\"twitter:data1\" content=\"nathaliemignonat\" \/>\n<script type=\"application\/ld+json\" class=\"yoast-schema-graph\">{\"@context\":\"https:\\\/\\\/schema.org\",\"@graph\":[{\"@type\":\"Article\",\"@id\":\"https:\\\/\\\/sedirelyon.fr\\\/lesdiaconessesdurocher\\\/2016\\\/05\\\/16\\\/une-nouvelle-extraorinaire\\\/#article\",\"isPartOf\":{\"@id\":\"https:\\\/\\\/sedirelyon.fr\\\/lesdiaconessesdurocher\\\/2016\\\/05\\\/16\\\/une-nouvelle-extraorinaire\\\/\"},\"author\":{\"name\":\"nathaliemignonat\",\"@id\":\"https:\\\/\\\/sedirelyon.fr\\\/lesdiaconessesdurocher\\\/#\\\/schema\\\/person\\\/fec69ce68ddb87cae58190bb2da6585c\"},\"headline\":\"Une nouvelle extraordinaire\",\"datePublished\":\"2016-05-16T16:41:09+00:00\",\"mainEntityOfPage\":{\"@id\":\"https:\\\/\\\/sedirelyon.fr\\\/lesdiaconessesdurocher\\\/2016\\\/05\\\/16\\\/une-nouvelle-extraorinaire\\\/\"},\"wordCount\":73,\"commentCount\":1,\"image\":{\"@id\":\"https:\\\/\\\/sedirelyon.fr\\\/lesdiaconessesdurocher\\\/2016\\\/05\\\/16\\\/une-nouvelle-extraorinaire\\\/#primaryimage\"},\"thumbnailUrl\":\"https:\\\/\\\/sedirelyon.fr\\\/lesdiaconessesdurocher\\\/wp-content\\\/uploads\\\/sites\\\/2\\\/2016\\\/02\\\/diaconesses-mozaicverte.jpg\",\"inLanguage\":\"fr-FR\",\"potentialAction\":[{\"@type\":\"CommentAction\",\"name\":\"Comment\",\"target\":[\"https:\\\/\\\/sedirelyon.fr\\\/lesdiaconessesdurocher\\\/2016\\\/05\\\/16\\\/une-nouvelle-extraorinaire\\\/#respond\"]}]},{\"@type\":\"WebPage\",\"@id\":\"https:\\\/\\\/sedirelyon.fr\\\/lesdiaconessesdurocher\\\/2016\\\/05\\\/16\\\/une-nouvelle-extraorinaire\\\/\",\"url\":\"https:\\\/\\\/sedirelyon.fr\\\/lesdiaconessesdurocher\\\/2016\\\/05\\\/16\\\/une-nouvelle-extraorinaire\\\/\",\"name\":\"Une nouvelle extraordinaire - Les Diaconesses du Rocher\",\"isPartOf\":{\"@id\":\"https:\\\/\\\/sedirelyon.fr\\\/lesdiaconessesdurocher\\\/#website\"},\"primaryImageOfPage\":{\"@id\":\"https:\\\/\\\/sedirelyon.fr\\\/lesdiaconessesdurocher\\\/2016\\\/05\\\/16\\\/une-nouvelle-extraorinaire\\\/#primaryimage\"},\"image\":{\"@id\":\"https:\\\/\\\/sedirelyon.fr\\\/lesdiaconessesdurocher\\\/2016\\\/05\\\/16\\\/une-nouvelle-extraorinaire\\\/#primaryimage\"},\"thumbnailUrl\":\"https:\\\/\\\/sedirelyon.fr\\\/lesdiaconessesdurocher\\\/wp-content\\\/uploads\\\/sites\\\/2\\\/2016\\\/02\\\/diaconesses-mozaicverte.jpg\",\"datePublished\":\"2016-05-16T16:41:09+00:00\",\"author\":{\"@id\":\"https:\\\/\\\/sedirelyon.fr\\\/lesdiaconessesdurocher\\\/#\\\/schema\\\/person\\\/fec69ce68ddb87cae58190bb2da6585c\"},\"breadcrumb\":{\"@id\":\"https:\\\/\\\/sedirelyon.fr\\\/lesdiaconessesdurocher\\\/2016\\\/05\\\/16\\\/une-nouvelle-extraorinaire\\\/#breadcrumb\"},\"inLanguage\":\"fr-FR\",\"potentialAction\":[{\"@type\":\"ReadAction\",\"target\":[\"https:\\\/\\\/sedirelyon.fr\\\/lesdiaconessesdurocher\\\/2016\\\/05\\\/16\\\/une-nouvelle-extraorinaire\\\/\"]}]},{\"@type\":\"ImageObject\",\"inLanguage\":\"fr-FR\",\"@id\":\"https:\\\/\\\/sedirelyon.fr\\\/lesdiaconessesdurocher\\\/2016\\\/05\\\/16\\\/une-nouvelle-extraorinaire\\\/#primaryimage\",\"url\":\"https:\\\/\\\/i0.wp.com\\\/sedirelyon.fr\\\/lesdiaconessesdurocher\\\/wp-content\\\/uploads\\\/sites\\\/2\\\/2016\\\/02\\\/diaconesses-mozaicverte.jpg?fit=2079%2C813&ssl=1\",\"contentUrl\":\"https:\\\/\\\/i0.wp.com\\\/sedirelyon.fr\\\/lesdiaconessesdurocher\\\/wp-content\\\/uploads\\\/sites\\\/2\\\/2016\\\/02\\\/diaconesses-mozaicverte.jpg?fit=2079%2C813&ssl=1\",\"width\":2079,\"height\":813},{\"@type\":\"BreadcrumbList\",\"@id\":\"https:\\\/\\\/sedirelyon.fr\\\/lesdiaconessesdurocher\\\/2016\\\/05\\\/16\\\/une-nouvelle-extraorinaire\\\/#breadcrumb\",\"itemListElement\":[{\"@type\":\"ListItem\",\"position\":1,\"name\":\"Accueil\",\"item\":\"https:\\\/\\\/sedirelyon.fr\\\/lesdiaconessesdurocher\\\/\"},{\"@type\":\"ListItem\",\"position\":2,\"name\":\"Une nouvelle extraordinaire\"}]},{\"@type\":\"WebSite\",\"@id\":\"https:\\\/\\\/sedirelyon.fr\\\/lesdiaconessesdurocher\\\/#website\",\"url\":\"https:\\\/\\\/sedirelyon.fr\\\/lesdiaconessesdurocher\\\/\",\"name\":\"Les Diaconesses du Rocher\",\"description\":\"des femmes dans l&#039;Eglise\",\"potentialAction\":[{\"@type\":\"SearchAction\",\"target\":{\"@type\":\"EntryPoint\",\"urlTemplate\":\"https:\\\/\\\/sedirelyon.fr\\\/lesdiaconessesdurocher\\\/?s={search_term_string}\"},\"query-input\":{\"@type\":\"PropertyValueSpecification\",\"valueRequired\":true,\"valueName\":\"search_term_string\"}}],\"inLanguage\":\"fr-FR\"},{\"@type\":\"Person\",\"@id\":\"https:\\\/\\\/sedirelyon.fr\\\/lesdiaconessesdurocher\\\/#\\\/schema\\\/person\\\/fec69ce68ddb87cae58190bb2da6585c\",\"name\":\"nathaliemignonat\",\"image\":{\"@type\":\"ImageObject\",\"inLanguage\":\"fr-FR\",\"@id\":\"https:\\\/\\\/secure.gravatar.com\\\/avatar\\\/43b6c881825b4291900a6ca166839d84423e547afe9939045766753e028b6776?s=96&d=mm&r=g\",\"url\":\"https:\\\/\\\/secure.gravatar.com\\\/avatar\\\/43b6c881825b4291900a6ca166839d84423e547afe9939045766753e028b6776?s=96&d=mm&r=g\",\"contentUrl\":\"https:\\\/\\\/secure.gravatar.com\\\/avatar\\\/43b6c881825b4291900a6ca166839d84423e547afe9939045766753e028b6776?s=96&d=mm&r=g\",\"caption\":\"nathaliemignonat\"},\"url\":\"https:\\\/\\\/sedirelyon.fr\\\/lesdiaconessesdurocher\\\/author\\\/nathaliemignonat\\\/\"}]}<\/script>\n<!-- \/ Yoast SEO plugin. -->","yoast_head_json":{"title":"Une nouvelle extraordinaire - Les Diaconesses du Rocher","robots":{"index":"index","follow":"follow","max-snippet":"max-snippet:-1","max-image-preview":"max-image-preview:large","max-video-preview":"max-video-preview:-1"},"canonical":"https:\/\/sedirelyon.fr\/lesdiaconessesdurocher\/2016\/05\/16\/une-nouvelle-extraorinaire\/","og_locale":"fr_FR","og_type":"article","og_title":"Une nouvelle extraordinaire - Les Diaconesses du Rocher","og_description":"Ca fait une semaine qu&rsquo;on ne parle que de cela : le pape aurait \u00a0\u00bb ouvert\u00a0\u00bb le diaconat aux femmes ! Voici l&rsquo;annonce: Le Pape Fran\u00e7ois pr\u00eat \u00e0 cr\u00e9er une commission d&rsquo;\u00e9tude sur le diaconat f\u00e9minin&#8230;. Mais \u00e9videmment la presse s&rsquo;est un peu emball\u00e9e&#8230;qu&rsquo;a dit exactement Fran\u00e7ois au pr\u00e8s de 900 sup\u00e9rieures de congr\u00e9gations r\u00e9unies &hellip; Continuer la lecture de &laquo;&nbsp;Une nouvelle extraordinaire&nbsp;&raquo;","og_url":"https:\/\/sedirelyon.fr\/lesdiaconessesdurocher\/2016\/05\/16\/une-nouvelle-extraorinaire\/","og_site_name":"Les Diaconesses du Rocher","article_published_time":"2016-05-16T16:41:09+00:00","og_image":[{"url":"https:\/\/sedirelyon.fr\/lesdiaconessesdurocher\/wp-content\/uploads\/sites\/2\/2016\/02\/diaconesses-mozaicverte.jpg","type":"","width":"","height":""}],"author":"nathaliemignonat","twitter_card":"summary_large_image","twitter_misc":{"\u00c9crit par":"nathaliemignonat"},"schema":{"@context":"https:\/\/schema.org","@graph":[{"@type":"Article","@id":"https:\/\/sedirelyon.fr\/lesdiaconessesdurocher\/2016\/05\/16\/une-nouvelle-extraorinaire\/#article","isPartOf":{"@id":"https:\/\/sedirelyon.fr\/lesdiaconessesdurocher\/2016\/05\/16\/une-nouvelle-extraorinaire\/"},"author":{"name":"nathaliemignonat","@id":"https:\/\/sedirelyon.fr\/lesdiaconessesdurocher\/#\/schema\/person\/fec69ce68ddb87cae58190bb2da6585c"},"headline":"Une nouvelle extraordinaire","datePublished":"2016-05-16T16:41:09+00:00","mainEntityOfPage":{"@id":"https:\/\/sedirelyon.fr\/lesdiaconessesdurocher\/2016\/05\/16\/une-nouvelle-extraorinaire\/"},"wordCount":73,"commentCount":1,"image":{"@id":"https:\/\/sedirelyon.fr\/lesdiaconessesdurocher\/2016\/05\/16\/une-nouvelle-extraorinaire\/#primaryimage"},"thumbnailUrl":"https:\/\/sedirelyon.fr\/lesdiaconessesdurocher\/wp-content\/uploads\/sites\/2\/2016\/02\/diaconesses-mozaicverte.jpg","inLanguage":"fr-FR","potentialAction":[{"@type":"CommentAction","name":"Comment","target":["https:\/\/sedirelyon.fr\/lesdiaconessesdurocher\/2016\/05\/16\/une-nouvelle-extraorinaire\/#respond"]}]},{"@type":"WebPage","@id":"https:\/\/sedirelyon.fr\/lesdiaconessesdurocher\/2016\/05\/16\/une-nouvelle-extraorinaire\/","url":"https:\/\/sedirelyon.fr\/lesdiaconessesdurocher\/2016\/05\/16\/une-nouvelle-extraorinaire\/","name":"Une nouvelle extraordinaire - Les Diaconesses du Rocher","isPartOf":{"@id":"https:\/\/sedirelyon.fr\/lesdiaconessesdurocher\/#website"},"primaryImageOfPage":{"@id":"https:\/\/sedirelyon.fr\/lesdiaconessesdurocher\/2016\/05\/16\/une-nouvelle-extraorinaire\/#primaryimage"},"image":{"@id":"https:\/\/sedirelyon.fr\/lesdiaconessesdurocher\/2016\/05\/16\/une-nouvelle-extraorinaire\/#primaryimage"},"thumbnailUrl":"https:\/\/sedirelyon.fr\/lesdiaconessesdurocher\/wp-content\/uploads\/sites\/2\/2016\/02\/diaconesses-mozaicverte.jpg","datePublished":"2016-05-16T16:41:09+00:00","author":{"@id":"https:\/\/sedirelyon.fr\/lesdiaconessesdurocher\/#\/schema\/person\/fec69ce68ddb87cae58190bb2da6585c"},"breadcrumb":{"@id":"https:\/\/sedirelyon.fr\/lesdiaconessesdurocher\/2016\/05\/16\/une-nouvelle-extraorinaire\/#breadcrumb"},"inLanguage":"fr-FR","potentialAction":[{"@type":"ReadAction","target":["https:\/\/sedirelyon.fr\/lesdiaconessesdurocher\/2016\/05\/16\/une-nouvelle-extraorinaire\/"]}]},{"@type":"ImageObject","inLanguage":"fr-FR","@id":"https:\/\/sedirelyon.fr\/lesdiaconessesdurocher\/2016\/05\/16\/une-nouvelle-extraorinaire\/#primaryimage","url":"https:\/\/i0.wp.com\/sedirelyon.fr\/lesdiaconessesdurocher\/wp-content\/uploads\/sites\/2\/2016\/02\/diaconesses-mozaicverte.jpg?fit=2079%2C813&ssl=1","contentUrl":"https:\/\/i0.wp.com\/sedirelyon.fr\/lesdiaconessesdurocher\/wp-content\/uploads\/sites\/2\/2016\/02\/diaconesses-mozaicverte.jpg?fit=2079%2C813&ssl=1","width":2079,"height":813},{"@type":"BreadcrumbList","@id":"https:\/\/sedirelyon.fr\/lesdiaconessesdurocher\/2016\/05\/16\/une-nouvelle-extraorinaire\/#breadcrumb","itemListElement":[{"@type":"ListItem","position":1,"name":"Accueil","item":"https:\/\/sedirelyon.fr\/lesdiaconessesdurocher\/"},{"@type":"ListItem","position":2,"name":"Une nouvelle extraordinaire"}]},{"@type":"WebSite","@id":"https:\/\/sedirelyon.fr\/lesdiaconessesdurocher\/#website","url":"https:\/\/sedirelyon.fr\/lesdiaconessesdurocher\/","name":"Les Diaconesses du Rocher","description":"des femmes dans l&#039;Eglise","potentialAction":[{"@type":"SearchAction","target":{"@type":"EntryPoint","urlTemplate":"https:\/\/sedirelyon.fr\/lesdiaconessesdurocher\/?s={search_term_string}"},"query-input":{"@type":"PropertyValueSpecification","valueRequired":true,"valueName":"search_term_string"}}],"inLanguage":"fr-FR"},{"@type":"Person","@id":"https:\/\/sedirelyon.fr\/lesdiaconessesdurocher\/#\/schema\/person\/fec69ce68ddb87cae58190bb2da6585c","name":"nathaliemignonat","image":{"@type":"ImageObject","inLanguage":"fr-FR","@id":"https:\/\/secure.gravatar.com\/avatar\/43b6c881825b4291900a6ca166839d84423e547afe9939045766753e028b6776?s=96&d=mm&r=g","url":"https:\/\/secure.gravatar.com\/avatar\/43b6c881825b4291900a6ca166839d84423e547afe9939045766753e028b6776?s=96&d=mm&r=g","contentUrl":"https:\/\/secure.gravatar.com\/avatar\/43b6c881825b4291900a6ca166839d84423e547afe9939045766753e028b6776?s=96&d=mm&r=g","caption":"nathaliemignonat"},"url":"https:\/\/sedirelyon.fr\/lesdiaconessesdurocher\/author\/nathaliemignonat\/"}]}},"jetpack_publicize_connections":[],"jetpack_featured_media_url":"","jetpack_sharing_enabled":true,"jetpack_shortlink":"https:\/\/wp.me\/p7xNTI-2n","jetpack-related-posts":[],"_links":{"self":[{"href":"https:\/\/sedirelyon.fr\/lesdiaconessesdurocher\/wp-json\/wp\/v2\/posts\/147","targetHints":{"allow":["GET"]}}],"collection":[{"href":"https:\/\/sedirelyon.fr\/lesdiaconessesdurocher\/wp-json\/wp\/v2\/posts"}],"about":[{"href":"https:\/\/sedirelyon.fr\/lesdiaconessesdurocher\/wp-json\/wp\/v2\/types\/post"}],"author":[{"embeddable":true,"href":"https:\/\/sedirelyon.fr\/lesdiaconessesdurocher\/wp-json\/wp\/v2\/users\/1"}],"replies":[{"embeddable":true,"href":"https:\/\/sedirelyon.fr\/lesdiaconessesdurocher\/wp-json\/wp\/v2\/comments?post=147"}],"version-history":[{"count":2,"href":"https:\/\/sedirelyon.fr\/lesdiaconessesdurocher\/wp-json\/wp\/v2\/posts\/147\/revisions"}],"predecessor-version":[{"id":160,"href":"https:\/\/sedirelyon.fr\/lesdiaconessesdurocher\/wp-json\/wp\/v2\/posts\/147\/revisions\/160"}],"wp:attachment":[{"href":"https:\/\/sedirelyon.fr\/lesdiaconessesdurocher\/wp-json\/wp\/v2\/media?parent=147"}],"wp:term":[{"taxonomy":"category","embeddable":true,"href":"https:\/\/sedirelyon.fr\/lesdiaconessesdurocher\/wp-json\/wp\/v2\/categories?post=147"},{"taxonomy":"post_tag","embeddable":true,"href":"https:\/\/sedirelyon.fr\/lesdiaconessesdurocher\/wp-json\/wp\/v2\/tags?post=147"}],"curies":[{"name":"wp","href":"https:\/\/api.w.org\/{rel}","templated":true}]}}