{"id":189,"date":"2016-06-04T21:28:39","date_gmt":"2016-06-04T20:28:39","guid":{"rendered":"http:\/\/sedirelyon.fr\/lesdiaconessesdurocher\/?p=189"},"modified":"2016-06-04T21:28:39","modified_gmt":"2016-06-04T20:28:39","slug":"dossier-diaconesses","status":"publish","type":"post","link":"https:\/\/sedirelyon.fr\/lesdiaconessesdurocher\/2016\/06\/04\/dossier-diaconesses\/","title":{"rendered":"Dossier Diaconesses"},"content":{"rendered":"<h1>La diaconie des femmes et le diaconat dans l\u2019\u00c9glise<\/h1>\n<p><img data-recalc-dims=\"1\" loading=\"lazy\" decoding=\"async\" data-attachment-id=\"116\" data-permalink=\"https:\/\/sedirelyon.fr\/lesdiaconessesdurocher\/ecrits-de-femmes\/diaconesses-verte\/\" data-orig-file=\"https:\/\/i0.wp.com\/sedirelyon.fr\/lesdiaconessesdurocher\/wp-content\/uploads\/sites\/2\/2016\/02\/diaconesses-verte.jpg?fit=603%2C714&amp;ssl=1\" data-orig-size=\"603,714\" data-comments-opened=\"1\" data-image-meta=\"{&quot;aperture&quot;:&quot;0&quot;,&quot;credit&quot;:&quot;&quot;,&quot;camera&quot;:&quot;&quot;,&quot;caption&quot;:&quot;&quot;,&quot;created_timestamp&quot;:&quot;0&quot;,&quot;copyright&quot;:&quot;&quot;,&quot;focal_length&quot;:&quot;0&quot;,&quot;iso&quot;:&quot;0&quot;,&quot;shutter_speed&quot;:&quot;0&quot;,&quot;title&quot;:&quot;&quot;,&quot;orientation&quot;:&quot;0&quot;}\" data-image-title=\"diaconesses verte\" data-image-description=\"\" data-image-caption=\"\" data-medium-file=\"https:\/\/i0.wp.com\/sedirelyon.fr\/lesdiaconessesdurocher\/wp-content\/uploads\/sites\/2\/2016\/02\/diaconesses-verte.jpg?fit=253%2C300&amp;ssl=1\" data-large-file=\"https:\/\/i0.wp.com\/sedirelyon.fr\/lesdiaconessesdurocher\/wp-content\/uploads\/sites\/2\/2016\/02\/diaconesses-verte.jpg?fit=603%2C714&amp;ssl=1\" class=\"size-medium wp-image-116 alignleft\" src=\"https:\/\/i0.wp.com\/sedirelyon.fr\/lesdiaconessesdurocher\/wp-content\/uploads\/sites\/2\/2016\/02\/diaconesses-verte.jpg?resize=253%2C300&#038;ssl=1\" alt=\"diaconesses verte\" width=\"253\" height=\"300\" srcset=\"https:\/\/i0.wp.com\/sedirelyon.fr\/lesdiaconessesdurocher\/wp-content\/uploads\/sites\/2\/2016\/02\/diaconesses-verte.jpg?resize=253%2C300&amp;ssl=1 253w, https:\/\/i0.wp.com\/sedirelyon.fr\/lesdiaconessesdurocher\/wp-content\/uploads\/sites\/2\/2016\/02\/diaconesses-verte.jpg?w=603&amp;ssl=1 603w\" sizes=\"auto, (max-width: 253px) 85vw, 253px\" \/>Le 12 mai 2016, le pape Fran\u00e7ois rencontrait les sup\u00e9rieures majeures r\u00e9unies en congr\u00e8s international \u00e0 Rome (Italie). Il a r\u00e9pondu \u00e0 l\u2019une des sup\u00e9rieures majeures qui l\u2019interrogeait sur l\u2019acc\u00e8s des femmes au diaconat permanent : \u00ab Constituer une commission officielle pour \u00e9tudier<br \/>\nla question ? Je crois, oui. Il serait bon pour l\u2019\u00c9glise de clarifier ce point. (\u2026) Je ferai en sorte qu\u2019on fasse quelque chose comme \u00e7a. (\u2026) Il me semble utile qu\u2019une commission \u00e9tudie la question. \u00bb<\/p>\n<p>Dans ce dossier, La Documentation catholique a recens\u00e9 de nombreux textes des papes, du Saint-Si\u00e8ge, d\u2019\u00e9v\u00eaques et d\u2019experts ayant trait au r\u00f4le du diacre et de la femme dans l\u2019\u00c9glise et dans la soci\u00e9t\u00e9 depuis Vatican II.<\/p>\n<p><img data-recalc-dims=\"1\" loading=\"lazy\" decoding=\"async\" data-attachment-id=\"6\" data-permalink=\"https:\/\/sedirelyon.fr\/lesdiaconessesdurocher\/2016\/06\/04\/dossier-diaconesses\/cropped-diaconesses-jpg\/\" data-orig-file=\"https:\/\/i0.wp.com\/sedirelyon.fr\/lesdiaconessesdurocher\/wp-content\/uploads\/sites\/2\/2016\/02\/cropped-diaconesses.jpg?fit=1200%2C280&amp;ssl=1\" data-orig-size=\"1200,280\" data-comments-opened=\"1\" data-image-meta=\"{&quot;aperture&quot;:&quot;0&quot;,&quot;credit&quot;:&quot;&quot;,&quot;camera&quot;:&quot;&quot;,&quot;caption&quot;:&quot;&quot;,&quot;created_timestamp&quot;:&quot;0&quot;,&quot;copyright&quot;:&quot;&quot;,&quot;focal_length&quot;:&quot;0&quot;,&quot;iso&quot;:&quot;0&quot;,&quot;shutter_speed&quot;:&quot;0&quot;,&quot;title&quot;:&quot;&quot;,&quot;orientation&quot;:&quot;0&quot;}\" data-image-title=\"cropped-diaconesses.jpg\" data-image-description=\"\" data-image-caption=\"\" data-medium-file=\"https:\/\/i0.wp.com\/sedirelyon.fr\/lesdiaconessesdurocher\/wp-content\/uploads\/sites\/2\/2016\/02\/cropped-diaconesses.jpg?fit=300%2C70&amp;ssl=1\" data-large-file=\"https:\/\/i0.wp.com\/sedirelyon.fr\/lesdiaconessesdurocher\/wp-content\/uploads\/sites\/2\/2016\/02\/cropped-diaconesses.jpg?fit=840%2C196&amp;ssl=1\" class=\"aligncenter size-thumbnail wp-image-6\" src=\"https:\/\/i0.wp.com\/sedirelyon.fr\/lesdiaconessesdurocher\/wp-content\/uploads\/sites\/2\/2016\/02\/cropped-diaconesses.jpg?resize=150%2C150&#038;ssl=1\" alt=\"cropped-diaconesses.jpg\" width=\"150\" height=\"150\" srcset=\"https:\/\/i0.wp.com\/sedirelyon.fr\/lesdiaconessesdurocher\/wp-content\/uploads\/sites\/2\/2016\/02\/cropped-diaconesses.jpg?resize=150%2C150&amp;ssl=1 150w, https:\/\/i0.wp.com\/sedirelyon.fr\/lesdiaconessesdurocher\/wp-content\/uploads\/sites\/2\/2016\/02\/cropped-diaconesses.jpg?zoom=2&amp;resize=150%2C150&amp;ssl=1 300w, https:\/\/i0.wp.com\/sedirelyon.fr\/lesdiaconessesdurocher\/wp-content\/uploads\/sites\/2\/2016\/02\/cropped-diaconesses.jpg?zoom=3&amp;resize=150%2C150&amp;ssl=1 450w\" sizes=\"auto, (max-width: 150px) 85vw, 150px\" \/><\/p>\n<p>Ce dossier sera enrichi au fur et \u00e0 mesure des d\u00e9bats.<br \/>\n<a href=\"http:\/\/www.la-croix.com\/Urbi-et-Orbi\/Documentation-catholique\/Dossiers\/Les-textes-promulgues-par-les-papes-2016-06-02-1200765469\" target=\"_blank\">\u2666 Les textes promulgu\u00e9s par les papes<\/a><br \/>\nPaul VI, Jean-Paul II, Beno\u00eet XVI, Fran\u00e7ois.<br \/>\n\u2666<a href=\"http:\/\/www.la-croix.com\/Urbi-et-Orbi\/Documentation-catholique\/Dossiers\/Les-textes-du-Saint-Siege-2016-06-02-1200765468\" target=\"_blank\"> Les textes des diff\u00e9rentes Congr\u00e9gations et Commissions<\/a> du Saint-<br \/>\nSi\u00e8ge<br \/>\nCommission th\u00e9ologique internationale, Congr\u00e9gation pour le clerg\u00e9, Congr\u00e9gation pour l\u2019enseignement catholique, Congr\u00e9gation pour la doctrine de la foi.<br \/>\n<a href=\"http:\/\/www.la-croix.com\/Urbi-et-Orbi\/Documentation-catholique\/Dossiers\/Les-eclairages-et-prises-de-position-d-eveques-2016-06-02-1200765464\" target=\"_blank\">\u2666 Les \u00e9clairages et prises de position d\u2019\u00e9v\u00eaques<\/a><br \/>\n<img data-recalc-dims=\"1\" loading=\"lazy\" decoding=\"async\" data-attachment-id=\"22\" data-permalink=\"https:\/\/sedirelyon.fr\/lesdiaconessesdurocher\/ecrits-sur-les-femmes\/allocution-de-mgr-durocher\/mgr-durocher\/\" data-orig-file=\"https:\/\/i0.wp.com\/sedirelyon.fr\/lesdiaconessesdurocher\/wp-content\/uploads\/sites\/2\/2016\/02\/Mgr-Durocher.jpg?fit=333%2C370&amp;ssl=1\" data-orig-size=\"333,370\" data-comments-opened=\"1\" data-image-meta=\"{&quot;aperture&quot;:&quot;0&quot;,&quot;credit&quot;:&quot;Christian&quot;,&quot;camera&quot;:&quot;&quot;,&quot;caption&quot;:&quot;&quot;,&quot;created_timestamp&quot;:&quot;1454501094&quot;,&quot;copyright&quot;:&quot;&quot;,&quot;focal_length&quot;:&quot;0&quot;,&quot;iso&quot;:&quot;0&quot;,&quot;shutter_speed&quot;:&quot;0&quot;,&quot;title&quot;:&quot;&quot;,&quot;orientation&quot;:&quot;0&quot;}\" data-image-title=\"Mgr Durocher\" data-image-description=\"\" data-image-caption=\"\" data-medium-file=\"https:\/\/i0.wp.com\/sedirelyon.fr\/lesdiaconessesdurocher\/wp-content\/uploads\/sites\/2\/2016\/02\/Mgr-Durocher.jpg?fit=270%2C300&amp;ssl=1\" data-large-file=\"https:\/\/i0.wp.com\/sedirelyon.fr\/lesdiaconessesdurocher\/wp-content\/uploads\/sites\/2\/2016\/02\/Mgr-Durocher.jpg?fit=333%2C370&amp;ssl=1\" class=\"size-thumbnail wp-image-22 alignleft\" src=\"https:\/\/i0.wp.com\/sedirelyon.fr\/lesdiaconessesdurocher\/wp-content\/uploads\/sites\/2\/2016\/02\/Mgr-Durocher.jpg?resize=150%2C150&#038;ssl=1\" alt=\"Mgr Durocher\" width=\"150\" height=\"150\" srcset=\"https:\/\/i0.wp.com\/sedirelyon.fr\/lesdiaconessesdurocher\/wp-content\/uploads\/sites\/2\/2016\/02\/Mgr-Durocher.jpg?resize=150%2C150&amp;ssl=1 150w, https:\/\/i0.wp.com\/sedirelyon.fr\/lesdiaconessesdurocher\/wp-content\/uploads\/sites\/2\/2016\/02\/Mgr-Durocher.jpg?zoom=2&amp;resize=150%2C150&amp;ssl=1 300w\" sizes=\"auto, (max-width: 150px) 85vw, 150px\" \/>Mgr Durocher (Canada), la Conf\u00e9rence \u00e9piscopale suisse, Mgr Zollitsch (Allemagne), Mgr Batut<br \/>\n(France), Mgr Weakland (\u00c9tats-Unis), Mgr Pilarczyk (\u00c9tats-Unis).<br \/>\n<a href=\"http:\/\/www.la-croix.com\/Urbi-et-Orbi\/Documentation-catholique\/Dossiers\/Les-travaux-d-experts-2016-06-02-1200765467\" target=\"_blank\">\u2666 Les travaux d\u2019experts<\/a><br \/>\nEnzo Bianchi (prieur de la communaut\u00e9 monastique de Bose, Italie) Agn\u00e8s Avognon Adjaho, lors du congr\u00e8s panafricain des la\u00efcs catholiques, soeur Sharon Euart, rsm, sp\u00e9cialiste en droit canonique et secr\u00e9taire g\u00e9n\u00e9rale adjointe de la Conf\u00e9rence des \u00e9v\u00eaques catholiques des \u00c9tats-<br \/>\nUnis, P. Piersandro Vanzan, s.j., P. Bernard Lambert, op.<br \/>\n\u00c0 lire aussi : Le pape Fran\u00e7ois relanc<a href=\"http:\/\/www.la-croix.com\/Religion\/Pape\/Le-pape-Francois-relance-debat-diaconat-feminin-2016-05-16-1200760447\" target=\"_blank\">e le d\u00e9bat sur le diaconat f\u00e9minin<\/a><\/p>\n<!--[if lt IE 9]><script>document.createElement('audio');<\/script><![endif]-->\n<audio class=\"wp-audio-shortcode\" id=\"audio-189-1\" autoplay preload=\"none\" style=\"width: 100%;\" controls=\"controls\"><source type=\"audio\/mpeg\" src=\"https:\/\/sedirelyon.fr\/lesdiaconessesdurocher\/wp-content\/uploads\/sites\/2\/2016\/06\/bach-1-toudoux.mp3?_=1\" \/><a href=\"https:\/\/sedirelyon.fr\/lesdiaconessesdurocher\/wp-content\/uploads\/sites\/2\/2016\/06\/bach-1-toudoux.mp3\">https:\/\/sedirelyon.fr\/lesdiaconessesdurocher\/wp-content\/uploads\/sites\/2\/2016\/06\/bach-1-toudoux.mp3<\/a><\/audio>\n","protected":false},"excerpt":{"rendered":"<p>La diaconie des femmes et le diaconat dans l\u2019\u00c9glise Le 12 mai 2016, le pape Fran\u00e7ois rencontrait les sup\u00e9rieures majeures r\u00e9unies en congr\u00e8s international \u00e0 Rome (Italie). Il a r\u00e9pondu \u00e0 l\u2019une des sup\u00e9rieures majeures qui l\u2019interrogeait sur l\u2019acc\u00e8s des femmes au diaconat permanent : \u00ab Constituer une commission officielle pour \u00e9tudier la question ? &hellip; <a href=\"https:\/\/sedirelyon.fr\/lesdiaconessesdurocher\/2016\/06\/04\/dossier-diaconesses\/\" class=\"more-link\">Continuer la lecture<span class=\"screen-reader-text\"> de &laquo;&nbsp;Dossier Diaconesses&nbsp;&raquo;<\/span><\/a><\/p>\n","protected":false},"author":1,"featured_media":0,"comment_status":"open","ping_status":"open","sticky":false,"template":"","format":"standard","meta":{"jetpack_post_was_ever_published":false,"_jetpack_newsletter_access":"","_jetpack_dont_email_post_to_subs":false,"_jetpack_newsletter_tier_id":0,"_jetpack_memberships_contains_paywalled_content":false,"_jetpack_memberships_contains_paid_content":false,"footnotes":"","jetpack_publicize_message":"","jetpack_publicize_feature_enabled":true,"jetpack_social_post_already_shared":true,"jetpack_social_options":{"image_generator_settings":{"template":"highway","default_image_id":0,"enabled":false},"version":2}},"categories":[1],"tags":[],"class_list":["post-189","post","type-post","status-publish","format-standard","hentry","category-non-classe"],"yoast_head":"<!-- This site is optimized with the Yoast SEO plugin v27.5 - https:\/\/yoast.com\/product\/yoast-seo-wordpress\/ -->\n<title>Dossier Diaconesses - Les Diaconesses du Rocher<\/title>\n<meta name=\"robots\" content=\"index, follow, max-snippet:-1, max-image-preview:large, max-video-preview:-1\" \/>\n<link rel=\"canonical\" href=\"https:\/\/sedirelyon.fr\/lesdiaconessesdurocher\/2016\/06\/04\/dossier-diaconesses\/\" \/>\n<meta property=\"og:locale\" content=\"fr_FR\" \/>\n<meta property=\"og:type\" content=\"article\" \/>\n<meta property=\"og:title\" content=\"Dossier Diaconesses - Les Diaconesses du Rocher\" \/>\n<meta property=\"og:description\" content=\"La diaconie des femmes et le diaconat dans l\u2019\u00c9glise Le 12 mai 2016, le pape Fran\u00e7ois rencontrait les sup\u00e9rieures majeures r\u00e9unies en congr\u00e8s international \u00e0 Rome (Italie). Il a r\u00e9pondu \u00e0 l\u2019une des sup\u00e9rieures majeures qui l\u2019interrogeait sur l\u2019acc\u00e8s des femmes au diaconat permanent : \u00ab Constituer une commission officielle pour \u00e9tudier la question ? &hellip; Continuer la lecture de &laquo;&nbsp;Dossier Diaconesses&nbsp;&raquo;\" \/>\n<meta property=\"og:url\" content=\"https:\/\/sedirelyon.fr\/lesdiaconessesdurocher\/2016\/06\/04\/dossier-diaconesses\/\" \/>\n<meta property=\"og:site_name\" content=\"Les Diaconesses du Rocher\" \/>\n<meta property=\"article:published_time\" content=\"2016-06-04T20:28:39+00:00\" \/>\n<meta property=\"og:image\" content=\"http:\/\/sedirelyon.fr\/lesdiaconessesdurocher\/wp-content\/uploads\/sites\/2\/2016\/02\/diaconesses-verte-253x300.jpg\" \/>\n<meta name=\"author\" content=\"nathaliemignonat\" \/>\n<meta name=\"twitter:card\" content=\"summary_large_image\" \/>\n<meta name=\"twitter:label1\" content=\"\u00c9crit par\" \/>\n\t<meta name=\"twitter:data1\" content=\"nathaliemignonat\" \/>\n\t<meta name=\"twitter:label2\" content=\"Dur\u00e9e de lecture estim\u00e9e\" \/>\n\t<meta name=\"twitter:data2\" content=\"2 minutes\" \/>\n<script type=\"application\/ld+json\" class=\"yoast-schema-graph\">{\"@context\":\"https:\\\/\\\/schema.org\",\"@graph\":[{\"@type\":\"Article\",\"@id\":\"https:\\\/\\\/sedirelyon.fr\\\/lesdiaconessesdurocher\\\/2016\\\/06\\\/04\\\/dossier-diaconesses\\\/#article\",\"isPartOf\":{\"@id\":\"https:\\\/\\\/sedirelyon.fr\\\/lesdiaconessesdurocher\\\/2016\\\/06\\\/04\\\/dossier-diaconesses\\\/\"},\"author\":{\"name\":\"nathaliemignonat\",\"@id\":\"https:\\\/\\\/sedirelyon.fr\\\/lesdiaconessesdurocher\\\/#\\\/schema\\\/person\\\/fec69ce68ddb87cae58190bb2da6585c\"},\"headline\":\"Dossier Diaconesses\",\"datePublished\":\"2016-06-04T20:28:39+00:00\",\"mainEntityOfPage\":{\"@id\":\"https:\\\/\\\/sedirelyon.fr\\\/lesdiaconessesdurocher\\\/2016\\\/06\\\/04\\\/dossier-diaconesses\\\/\"},\"wordCount\":324,\"commentCount\":0,\"image\":{\"@id\":\"https:\\\/\\\/sedirelyon.fr\\\/lesdiaconessesdurocher\\\/2016\\\/06\\\/04\\\/dossier-diaconesses\\\/#primaryimage\"},\"thumbnailUrl\":\"https:\\\/\\\/sedirelyon.fr\\\/lesdiaconessesdurocher\\\/wp-content\\\/uploads\\\/sites\\\/2\\\/2016\\\/02\\\/diaconesses-verte-253x300.jpg\",\"inLanguage\":\"fr-FR\",\"potentialAction\":[{\"@type\":\"CommentAction\",\"name\":\"Comment\",\"target\":[\"https:\\\/\\\/sedirelyon.fr\\\/lesdiaconessesdurocher\\\/2016\\\/06\\\/04\\\/dossier-diaconesses\\\/#respond\"]}]},{\"@type\":\"WebPage\",\"@id\":\"https:\\\/\\\/sedirelyon.fr\\\/lesdiaconessesdurocher\\\/2016\\\/06\\\/04\\\/dossier-diaconesses\\\/\",\"url\":\"https:\\\/\\\/sedirelyon.fr\\\/lesdiaconessesdurocher\\\/2016\\\/06\\\/04\\\/dossier-diaconesses\\\/\",\"name\":\"Dossier Diaconesses - Les Diaconesses du Rocher\",\"isPartOf\":{\"@id\":\"https:\\\/\\\/sedirelyon.fr\\\/lesdiaconessesdurocher\\\/#website\"},\"primaryImageOfPage\":{\"@id\":\"https:\\\/\\\/sedirelyon.fr\\\/lesdiaconessesdurocher\\\/2016\\\/06\\\/04\\\/dossier-diaconesses\\\/#primaryimage\"},\"image\":{\"@id\":\"https:\\\/\\\/sedirelyon.fr\\\/lesdiaconessesdurocher\\\/2016\\\/06\\\/04\\\/dossier-diaconesses\\\/#primaryimage\"},\"thumbnailUrl\":\"https:\\\/\\\/sedirelyon.fr\\\/lesdiaconessesdurocher\\\/wp-content\\\/uploads\\\/sites\\\/2\\\/2016\\\/02\\\/diaconesses-verte-253x300.jpg\",\"datePublished\":\"2016-06-04T20:28:39+00:00\",\"author\":{\"@id\":\"https:\\\/\\\/sedirelyon.fr\\\/lesdiaconessesdurocher\\\/#\\\/schema\\\/person\\\/fec69ce68ddb87cae58190bb2da6585c\"},\"breadcrumb\":{\"@id\":\"https:\\\/\\\/sedirelyon.fr\\\/lesdiaconessesdurocher\\\/2016\\\/06\\\/04\\\/dossier-diaconesses\\\/#breadcrumb\"},\"inLanguage\":\"fr-FR\",\"potentialAction\":[{\"@type\":\"ReadAction\",\"target\":[\"https:\\\/\\\/sedirelyon.fr\\\/lesdiaconessesdurocher\\\/2016\\\/06\\\/04\\\/dossier-diaconesses\\\/\"]}]},{\"@type\":\"ImageObject\",\"inLanguage\":\"fr-FR\",\"@id\":\"https:\\\/\\\/sedirelyon.fr\\\/lesdiaconessesdurocher\\\/2016\\\/06\\\/04\\\/dossier-diaconesses\\\/#primaryimage\",\"url\":\"https:\\\/\\\/i0.wp.com\\\/sedirelyon.fr\\\/lesdiaconessesdurocher\\\/wp-content\\\/uploads\\\/sites\\\/2\\\/2016\\\/02\\\/diaconesses-verte.jpg?fit=603%2C714&ssl=1\",\"contentUrl\":\"https:\\\/\\\/i0.wp.com\\\/sedirelyon.fr\\\/lesdiaconessesdurocher\\\/wp-content\\\/uploads\\\/sites\\\/2\\\/2016\\\/02\\\/diaconesses-verte.jpg?fit=603%2C714&ssl=1\",\"width\":603,\"height\":714},{\"@type\":\"BreadcrumbList\",\"@id\":\"https:\\\/\\\/sedirelyon.fr\\\/lesdiaconessesdurocher\\\/2016\\\/06\\\/04\\\/dossier-diaconesses\\\/#breadcrumb\",\"itemListElement\":[{\"@type\":\"ListItem\",\"position\":1,\"name\":\"Accueil\",\"item\":\"https:\\\/\\\/sedirelyon.fr\\\/lesdiaconessesdurocher\\\/\"},{\"@type\":\"ListItem\",\"position\":2,\"name\":\"Dossier Diaconesses\"}]},{\"@type\":\"WebSite\",\"@id\":\"https:\\\/\\\/sedirelyon.fr\\\/lesdiaconessesdurocher\\\/#website\",\"url\":\"https:\\\/\\\/sedirelyon.fr\\\/lesdiaconessesdurocher\\\/\",\"name\":\"Les Diaconesses du Rocher\",\"description\":\"des femmes dans l&#039;Eglise\",\"potentialAction\":[{\"@type\":\"SearchAction\",\"target\":{\"@type\":\"EntryPoint\",\"urlTemplate\":\"https:\\\/\\\/sedirelyon.fr\\\/lesdiaconessesdurocher\\\/?s={search_term_string}\"},\"query-input\":{\"@type\":\"PropertyValueSpecification\",\"valueRequired\":true,\"valueName\":\"search_term_string\"}}],\"inLanguage\":\"fr-FR\"},{\"@type\":\"Person\",\"@id\":\"https:\\\/\\\/sedirelyon.fr\\\/lesdiaconessesdurocher\\\/#\\\/schema\\\/person\\\/fec69ce68ddb87cae58190bb2da6585c\",\"name\":\"nathaliemignonat\",\"image\":{\"@type\":\"ImageObject\",\"inLanguage\":\"fr-FR\",\"@id\":\"https:\\\/\\\/secure.gravatar.com\\\/avatar\\\/43b6c881825b4291900a6ca166839d84423e547afe9939045766753e028b6776?s=96&d=mm&r=g\",\"url\":\"https:\\\/\\\/secure.gravatar.com\\\/avatar\\\/43b6c881825b4291900a6ca166839d84423e547afe9939045766753e028b6776?s=96&d=mm&r=g\",\"contentUrl\":\"https:\\\/\\\/secure.gravatar.com\\\/avatar\\\/43b6c881825b4291900a6ca166839d84423e547afe9939045766753e028b6776?s=96&d=mm&r=g\",\"caption\":\"nathaliemignonat\"},\"url\":\"https:\\\/\\\/sedirelyon.fr\\\/lesdiaconessesdurocher\\\/author\\\/nathaliemignonat\\\/\"}]}<\/script>\n<!-- \/ Yoast SEO plugin. -->","yoast_head_json":{"title":"Dossier Diaconesses - Les Diaconesses du Rocher","robots":{"index":"index","follow":"follow","max-snippet":"max-snippet:-1","max-image-preview":"max-image-preview:large","max-video-preview":"max-video-preview:-1"},"canonical":"https:\/\/sedirelyon.fr\/lesdiaconessesdurocher\/2016\/06\/04\/dossier-diaconesses\/","og_locale":"fr_FR","og_type":"article","og_title":"Dossier Diaconesses - Les Diaconesses du Rocher","og_description":"La diaconie des femmes et le diaconat dans l\u2019\u00c9glise Le 12 mai 2016, le pape Fran\u00e7ois rencontrait les sup\u00e9rieures majeures r\u00e9unies en congr\u00e8s international \u00e0 Rome (Italie). Il a r\u00e9pondu \u00e0 l\u2019une des sup\u00e9rieures majeures qui l\u2019interrogeait sur l\u2019acc\u00e8s des femmes au diaconat permanent : \u00ab Constituer une commission officielle pour \u00e9tudier la question ? &hellip; Continuer la lecture de &laquo;&nbsp;Dossier Diaconesses&nbsp;&raquo;","og_url":"https:\/\/sedirelyon.fr\/lesdiaconessesdurocher\/2016\/06\/04\/dossier-diaconesses\/","og_site_name":"Les Diaconesses du Rocher","article_published_time":"2016-06-04T20:28:39+00:00","og_image":[{"url":"http:\/\/sedirelyon.fr\/lesdiaconessesdurocher\/wp-content\/uploads\/sites\/2\/2016\/02\/diaconesses-verte-253x300.jpg","type":"","width":"","height":""}],"author":"nathaliemignonat","twitter_card":"summary_large_image","twitter_misc":{"\u00c9crit par":"nathaliemignonat","Dur\u00e9e de lecture estim\u00e9e":"2 minutes"},"schema":{"@context":"https:\/\/schema.org","@graph":[{"@type":"Article","@id":"https:\/\/sedirelyon.fr\/lesdiaconessesdurocher\/2016\/06\/04\/dossier-diaconesses\/#article","isPartOf":{"@id":"https:\/\/sedirelyon.fr\/lesdiaconessesdurocher\/2016\/06\/04\/dossier-diaconesses\/"},"author":{"name":"nathaliemignonat","@id":"https:\/\/sedirelyon.fr\/lesdiaconessesdurocher\/#\/schema\/person\/fec69ce68ddb87cae58190bb2da6585c"},"headline":"Dossier Diaconesses","datePublished":"2016-06-04T20:28:39+00:00","mainEntityOfPage":{"@id":"https:\/\/sedirelyon.fr\/lesdiaconessesdurocher\/2016\/06\/04\/dossier-diaconesses\/"},"wordCount":324,"commentCount":0,"image":{"@id":"https:\/\/sedirelyon.fr\/lesdiaconessesdurocher\/2016\/06\/04\/dossier-diaconesses\/#primaryimage"},"thumbnailUrl":"https:\/\/sedirelyon.fr\/lesdiaconessesdurocher\/wp-content\/uploads\/sites\/2\/2016\/02\/diaconesses-verte-253x300.jpg","inLanguage":"fr-FR","potentialAction":[{"@type":"CommentAction","name":"Comment","target":["https:\/\/sedirelyon.fr\/lesdiaconessesdurocher\/2016\/06\/04\/dossier-diaconesses\/#respond"]}]},{"@type":"WebPage","@id":"https:\/\/sedirelyon.fr\/lesdiaconessesdurocher\/2016\/06\/04\/dossier-diaconesses\/","url":"https:\/\/sedirelyon.fr\/lesdiaconessesdurocher\/2016\/06\/04\/dossier-diaconesses\/","name":"Dossier Diaconesses - Les Diaconesses du Rocher","isPartOf":{"@id":"https:\/\/sedirelyon.fr\/lesdiaconessesdurocher\/#website"},"primaryImageOfPage":{"@id":"https:\/\/sedirelyon.fr\/lesdiaconessesdurocher\/2016\/06\/04\/dossier-diaconesses\/#primaryimage"},"image":{"@id":"https:\/\/sedirelyon.fr\/lesdiaconessesdurocher\/2016\/06\/04\/dossier-diaconesses\/#primaryimage"},"thumbnailUrl":"https:\/\/sedirelyon.fr\/lesdiaconessesdurocher\/wp-content\/uploads\/sites\/2\/2016\/02\/diaconesses-verte-253x300.jpg","datePublished":"2016-06-04T20:28:39+00:00","author":{"@id":"https:\/\/sedirelyon.fr\/lesdiaconessesdurocher\/#\/schema\/person\/fec69ce68ddb87cae58190bb2da6585c"},"breadcrumb":{"@id":"https:\/\/sedirelyon.fr\/lesdiaconessesdurocher\/2016\/06\/04\/dossier-diaconesses\/#breadcrumb"},"inLanguage":"fr-FR","potentialAction":[{"@type":"ReadAction","target":["https:\/\/sedirelyon.fr\/lesdiaconessesdurocher\/2016\/06\/04\/dossier-diaconesses\/"]}]},{"@type":"ImageObject","inLanguage":"fr-FR","@id":"https:\/\/sedirelyon.fr\/lesdiaconessesdurocher\/2016\/06\/04\/dossier-diaconesses\/#primaryimage","url":"https:\/\/i0.wp.com\/sedirelyon.fr\/lesdiaconessesdurocher\/wp-content\/uploads\/sites\/2\/2016\/02\/diaconesses-verte.jpg?fit=603%2C714&ssl=1","contentUrl":"https:\/\/i0.wp.com\/sedirelyon.fr\/lesdiaconessesdurocher\/wp-content\/uploads\/sites\/2\/2016\/02\/diaconesses-verte.jpg?fit=603%2C714&ssl=1","width":603,"height":714},{"@type":"BreadcrumbList","@id":"https:\/\/sedirelyon.fr\/lesdiaconessesdurocher\/2016\/06\/04\/dossier-diaconesses\/#breadcrumb","itemListElement":[{"@type":"ListItem","position":1,"name":"Accueil","item":"https:\/\/sedirelyon.fr\/lesdiaconessesdurocher\/"},{"@type":"ListItem","position":2,"name":"Dossier Diaconesses"}]},{"@type":"WebSite","@id":"https:\/\/sedirelyon.fr\/lesdiaconessesdurocher\/#website","url":"https:\/\/sedirelyon.fr\/lesdiaconessesdurocher\/","name":"Les Diaconesses du Rocher","description":"des femmes dans l&#039;Eglise","potentialAction":[{"@type":"SearchAction","target":{"@type":"EntryPoint","urlTemplate":"https:\/\/sedirelyon.fr\/lesdiaconessesdurocher\/?s={search_term_string}"},"query-input":{"@type":"PropertyValueSpecification","valueRequired":true,"valueName":"search_term_string"}}],"inLanguage":"fr-FR"},{"@type":"Person","@id":"https:\/\/sedirelyon.fr\/lesdiaconessesdurocher\/#\/schema\/person\/fec69ce68ddb87cae58190bb2da6585c","name":"nathaliemignonat","image":{"@type":"ImageObject","inLanguage":"fr-FR","@id":"https:\/\/secure.gravatar.com\/avatar\/43b6c881825b4291900a6ca166839d84423e547afe9939045766753e028b6776?s=96&d=mm&r=g","url":"https:\/\/secure.gravatar.com\/avatar\/43b6c881825b4291900a6ca166839d84423e547afe9939045766753e028b6776?s=96&d=mm&r=g","contentUrl":"https:\/\/secure.gravatar.com\/avatar\/43b6c881825b4291900a6ca166839d84423e547afe9939045766753e028b6776?s=96&d=mm&r=g","caption":"nathaliemignonat"},"url":"https:\/\/sedirelyon.fr\/lesdiaconessesdurocher\/author\/nathaliemignonat\/"}]}},"jetpack_publicize_connections":[],"jetpack_featured_media_url":"","jetpack_sharing_enabled":true,"jetpack_shortlink":"https:\/\/wp.me\/p7xNTI-33","jetpack-related-posts":[],"_links":{"self":[{"href":"https:\/\/sedirelyon.fr\/lesdiaconessesdurocher\/wp-json\/wp\/v2\/posts\/189","targetHints":{"allow":["GET"]}}],"collection":[{"href":"https:\/\/sedirelyon.fr\/lesdiaconessesdurocher\/wp-json\/wp\/v2\/posts"}],"about":[{"href":"https:\/\/sedirelyon.fr\/lesdiaconessesdurocher\/wp-json\/wp\/v2\/types\/post"}],"author":[{"embeddable":true,"href":"https:\/\/sedirelyon.fr\/lesdiaconessesdurocher\/wp-json\/wp\/v2\/users\/1"}],"replies":[{"embeddable":true,"href":"https:\/\/sedirelyon.fr\/lesdiaconessesdurocher\/wp-json\/wp\/v2\/comments?post=189"}],"version-history":[{"count":3,"href":"https:\/\/sedirelyon.fr\/lesdiaconessesdurocher\/wp-json\/wp\/v2\/posts\/189\/revisions"}],"predecessor-version":[{"id":193,"href":"https:\/\/sedirelyon.fr\/lesdiaconessesdurocher\/wp-json\/wp\/v2\/posts\/189\/revisions\/193"}],"wp:attachment":[{"href":"https:\/\/sedirelyon.fr\/lesdiaconessesdurocher\/wp-json\/wp\/v2\/media?parent=189"}],"wp:term":[{"taxonomy":"category","embeddable":true,"href":"https:\/\/sedirelyon.fr\/lesdiaconessesdurocher\/wp-json\/wp\/v2\/categories?post=189"},{"taxonomy":"post_tag","embeddable":true,"href":"https:\/\/sedirelyon.fr\/lesdiaconessesdurocher\/wp-json\/wp\/v2\/tags?post=189"}],"curies":[{"name":"wp","href":"https:\/\/api.w.org\/{rel}","templated":true}]}}