{"id":253,"date":"2016-09-27T11:56:19","date_gmt":"2016-09-27T10:56:19","guid":{"rendered":"http:\/\/sedirelyon.fr\/lesdiaconessesdurocher\/?p=253"},"modified":"2016-09-27T20:19:22","modified_gmt":"2016-09-27T19:19:22","slug":"28-septembre-2016","status":"publish","type":"post","link":"https:\/\/sedirelyon.fr\/lesdiaconessesdurocher\/2016\/09\/27\/28-septembre-2016\/","title":{"rendered":"28 septembre 2016"},"content":{"rendered":"<p>Le pape Fran\u00e7ois \u00e0 ouvert le 26 septembre\u00a0<a href=\"https:\/\/fr.zenit.org\/articles\/un-congres-a-linitiative-du-pape-pour-valoriser-le-role-des-femmes-dans-leglise\/\" target=\"_blank\"> le SYMPOSIUM<\/a> pour valoriser le r\u00f4le des femmes dans l&rsquo;Eglise&#8230;.on peut y croire..un peu, beaucoup, passionement&#8230;et m\u00eame \u00e0 la folie..<\/p>\n<p>On demandera des informations de premi\u00e8re main \u00e0 notre amie ( soeur) Carmen Sammut, pr\u00e9sidente de l&rsquo;union des sup\u00e9rieures g\u00e9n\u00e9rales des congr\u00e9gations f\u00e9minine apostoliques&#8230;<\/p>\n<blockquote data-secret=\"zg2PCFfBKn\" class=\"wp-embedded-content\"><p><a href=\"https:\/\/fr.zenit.org\/articles\/un-congres-a-linitiative-du-pape-pour-valoriser-le-role-des-femmes-dans-leglise\/\">Un congr\u00e8s \u00e0 l&rsquo;initiative du pape pour valoriser le r\u00f4le des femmes dans l\u2019\u00c9glise<\/a><\/p><\/blockquote>\n<p><iframe loading=\"lazy\" class=\"wp-embedded-content\" sandbox=\"allow-scripts\" security=\"restricted\" style=\"position: absolute; clip: rect(1px, 1px, 1px, 1px);\" src=\"https:\/\/fr.zenit.org\/articles\/un-congres-a-linitiative-du-pape-pour-valoriser-le-role-des-femmes-dans-leglise\/embed\/#?secret=zg2PCFfBKn\" data-secret=\"zg2PCFfBKn\" width=\"600\" height=\"338\" title=\"&#8220;Un congr\u00e8s \u00e0 l&rsquo;initiative du pape pour valoriser le r\u00f4le des femmes dans l\u2019\u00c9glise&#8221; &#8212; ZENIT - Francais\" frameborder=\"0\" marginwidth=\"0\" marginheight=\"0\" scrolling=\"no\"><\/iframe><\/p>\n<p>&nbsp;<\/p>\n","protected":false},"excerpt":{"rendered":"<p>Le pape Fran\u00e7ois \u00e0 ouvert le 26 septembre\u00a0 le SYMPOSIUM pour valoriser le r\u00f4le des femmes dans l&rsquo;Eglise&#8230;.on peut y croire..un peu, beaucoup, passionement&#8230;et m\u00eame \u00e0 la folie.. On demandera des informations de premi\u00e8re main \u00e0 notre amie ( soeur) Carmen Sammut, pr\u00e9sidente de l&rsquo;union des sup\u00e9rieures g\u00e9n\u00e9rales des congr\u00e9gations f\u00e9minine apostoliques&#8230; Un congr\u00e8s \u00e0 &hellip; <a href=\"https:\/\/sedirelyon.fr\/lesdiaconessesdurocher\/2016\/09\/27\/28-septembre-2016\/\" class=\"more-link\">Continuer la lecture<span class=\"screen-reader-text\"> de &laquo;&nbsp;28 septembre 2016&nbsp;&raquo;<\/span><\/a><\/p>\n","protected":false},"author":1,"featured_media":0,"comment_status":"open","ping_status":"open","sticky":false,"template":"","format":"standard","meta":{"jetpack_post_was_ever_published":false,"_jetpack_newsletter_access":"","_jetpack_dont_email_post_to_subs":false,"_jetpack_newsletter_tier_id":0,"_jetpack_memberships_contains_paywalled_content":false,"_jetpack_memberships_contains_paid_content":false,"footnotes":"","jetpack_publicize_message":"","jetpack_publicize_feature_enabled":true,"jetpack_social_post_already_shared":true,"jetpack_social_options":{"image_generator_settings":{"template":"highway","default_image_id":0,"enabled":false},"version":2}},"categories":[1],"tags":[],"class_list":["post-253","post","type-post","status-publish","format-standard","hentry","category-non-classe"],"yoast_head":"<!-- This site is optimized with the Yoast SEO plugin v27.5 - https:\/\/yoast.com\/product\/yoast-seo-wordpress\/ -->\n<title>28 septembre 2016 - Les Diaconesses du Rocher<\/title>\n<meta name=\"robots\" content=\"index, follow, max-snippet:-1, max-image-preview:large, max-video-preview:-1\" \/>\n<link rel=\"canonical\" href=\"https:\/\/sedirelyon.fr\/lesdiaconessesdurocher\/2016\/09\/27\/28-septembre-2016\/\" \/>\n<meta property=\"og:locale\" content=\"fr_FR\" \/>\n<meta property=\"og:type\" content=\"article\" \/>\n<meta property=\"og:title\" content=\"28 septembre 2016 - Les Diaconesses du Rocher\" \/>\n<meta property=\"og:description\" content=\"Le pape Fran\u00e7ois \u00e0 ouvert le 26 septembre\u00a0 le SYMPOSIUM pour valoriser le r\u00f4le des femmes dans l&rsquo;Eglise&#8230;.on peut y croire..un peu, beaucoup, passionement&#8230;et m\u00eame \u00e0 la folie.. On demandera des informations de premi\u00e8re main \u00e0 notre amie ( soeur) Carmen Sammut, pr\u00e9sidente de l&rsquo;union des sup\u00e9rieures g\u00e9n\u00e9rales des congr\u00e9gations f\u00e9minine apostoliques&#8230; Un congr\u00e8s \u00e0 &hellip; Continuer la lecture de &laquo;&nbsp;28 septembre 2016&nbsp;&raquo;\" \/>\n<meta property=\"og:url\" content=\"https:\/\/sedirelyon.fr\/lesdiaconessesdurocher\/2016\/09\/27\/28-septembre-2016\/\" \/>\n<meta property=\"og:site_name\" content=\"Les Diaconesses du Rocher\" \/>\n<meta property=\"article:published_time\" content=\"2016-09-27T10:56:19+00:00\" \/>\n<meta property=\"article:modified_time\" content=\"2016-09-27T19:19:22+00:00\" \/>\n<meta name=\"author\" content=\"nathaliemignonat\" \/>\n<meta name=\"twitter:card\" content=\"summary_large_image\" \/>\n<meta name=\"twitter:label1\" content=\"\u00c9crit par\" \/>\n\t<meta name=\"twitter:data1\" content=\"nathaliemignonat\" \/>\n<script type=\"application\/ld+json\" class=\"yoast-schema-graph\">{\"@context\":\"https:\\\/\\\/schema.org\",\"@graph\":[{\"@type\":\"Article\",\"@id\":\"https:\\\/\\\/sedirelyon.fr\\\/lesdiaconessesdurocher\\\/2016\\\/09\\\/27\\\/28-septembre-2016\\\/#article\",\"isPartOf\":{\"@id\":\"https:\\\/\\\/sedirelyon.fr\\\/lesdiaconessesdurocher\\\/2016\\\/09\\\/27\\\/28-septembre-2016\\\/\"},\"author\":{\"name\":\"nathaliemignonat\",\"@id\":\"https:\\\/\\\/sedirelyon.fr\\\/lesdiaconessesdurocher\\\/#\\\/schema\\\/person\\\/fec69ce68ddb87cae58190bb2da6585c\"},\"headline\":\"28 septembre 2016\",\"datePublished\":\"2016-09-27T10:56:19+00:00\",\"dateModified\":\"2016-09-27T19:19:22+00:00\",\"mainEntityOfPage\":{\"@id\":\"https:\\\/\\\/sedirelyon.fr\\\/lesdiaconessesdurocher\\\/2016\\\/09\\\/27\\\/28-septembre-2016\\\/\"},\"wordCount\":70,\"commentCount\":0,\"inLanguage\":\"fr-FR\",\"potentialAction\":[{\"@type\":\"CommentAction\",\"name\":\"Comment\",\"target\":[\"https:\\\/\\\/sedirelyon.fr\\\/lesdiaconessesdurocher\\\/2016\\\/09\\\/27\\\/28-septembre-2016\\\/#respond\"]}]},{\"@type\":\"WebPage\",\"@id\":\"https:\\\/\\\/sedirelyon.fr\\\/lesdiaconessesdurocher\\\/2016\\\/09\\\/27\\\/28-septembre-2016\\\/\",\"url\":\"https:\\\/\\\/sedirelyon.fr\\\/lesdiaconessesdurocher\\\/2016\\\/09\\\/27\\\/28-septembre-2016\\\/\",\"name\":\"28 septembre 2016 - Les Diaconesses du Rocher\",\"isPartOf\":{\"@id\":\"https:\\\/\\\/sedirelyon.fr\\\/lesdiaconessesdurocher\\\/#website\"},\"datePublished\":\"2016-09-27T10:56:19+00:00\",\"dateModified\":\"2016-09-27T19:19:22+00:00\",\"author\":{\"@id\":\"https:\\\/\\\/sedirelyon.fr\\\/lesdiaconessesdurocher\\\/#\\\/schema\\\/person\\\/fec69ce68ddb87cae58190bb2da6585c\"},\"breadcrumb\":{\"@id\":\"https:\\\/\\\/sedirelyon.fr\\\/lesdiaconessesdurocher\\\/2016\\\/09\\\/27\\\/28-septembre-2016\\\/#breadcrumb\"},\"inLanguage\":\"fr-FR\",\"potentialAction\":[{\"@type\":\"ReadAction\",\"target\":[\"https:\\\/\\\/sedirelyon.fr\\\/lesdiaconessesdurocher\\\/2016\\\/09\\\/27\\\/28-septembre-2016\\\/\"]}]},{\"@type\":\"BreadcrumbList\",\"@id\":\"https:\\\/\\\/sedirelyon.fr\\\/lesdiaconessesdurocher\\\/2016\\\/09\\\/27\\\/28-septembre-2016\\\/#breadcrumb\",\"itemListElement\":[{\"@type\":\"ListItem\",\"position\":1,\"name\":\"Accueil\",\"item\":\"https:\\\/\\\/sedirelyon.fr\\\/lesdiaconessesdurocher\\\/\"},{\"@type\":\"ListItem\",\"position\":2,\"name\":\"28 septembre 2016\"}]},{\"@type\":\"WebSite\",\"@id\":\"https:\\\/\\\/sedirelyon.fr\\\/lesdiaconessesdurocher\\\/#website\",\"url\":\"https:\\\/\\\/sedirelyon.fr\\\/lesdiaconessesdurocher\\\/\",\"name\":\"Les Diaconesses du Rocher\",\"description\":\"des femmes dans l&#039;Eglise\",\"potentialAction\":[{\"@type\":\"SearchAction\",\"target\":{\"@type\":\"EntryPoint\",\"urlTemplate\":\"https:\\\/\\\/sedirelyon.fr\\\/lesdiaconessesdurocher\\\/?s={search_term_string}\"},\"query-input\":{\"@type\":\"PropertyValueSpecification\",\"valueRequired\":true,\"valueName\":\"search_term_string\"}}],\"inLanguage\":\"fr-FR\"},{\"@type\":\"Person\",\"@id\":\"https:\\\/\\\/sedirelyon.fr\\\/lesdiaconessesdurocher\\\/#\\\/schema\\\/person\\\/fec69ce68ddb87cae58190bb2da6585c\",\"name\":\"nathaliemignonat\",\"image\":{\"@type\":\"ImageObject\",\"inLanguage\":\"fr-FR\",\"@id\":\"https:\\\/\\\/secure.gravatar.com\\\/avatar\\\/43b6c881825b4291900a6ca166839d84423e547afe9939045766753e028b6776?s=96&d=mm&r=g\",\"url\":\"https:\\\/\\\/secure.gravatar.com\\\/avatar\\\/43b6c881825b4291900a6ca166839d84423e547afe9939045766753e028b6776?s=96&d=mm&r=g\",\"contentUrl\":\"https:\\\/\\\/secure.gravatar.com\\\/avatar\\\/43b6c881825b4291900a6ca166839d84423e547afe9939045766753e028b6776?s=96&d=mm&r=g\",\"caption\":\"nathaliemignonat\"},\"url\":\"https:\\\/\\\/sedirelyon.fr\\\/lesdiaconessesdurocher\\\/author\\\/nathaliemignonat\\\/\"}]}<\/script>\n<!-- \/ Yoast SEO plugin. -->","yoast_head_json":{"title":"28 septembre 2016 - Les Diaconesses du Rocher","robots":{"index":"index","follow":"follow","max-snippet":"max-snippet:-1","max-image-preview":"max-image-preview:large","max-video-preview":"max-video-preview:-1"},"canonical":"https:\/\/sedirelyon.fr\/lesdiaconessesdurocher\/2016\/09\/27\/28-septembre-2016\/","og_locale":"fr_FR","og_type":"article","og_title":"28 septembre 2016 - Les Diaconesses du Rocher","og_description":"Le pape Fran\u00e7ois \u00e0 ouvert le 26 septembre\u00a0 le SYMPOSIUM pour valoriser le r\u00f4le des femmes dans l&rsquo;Eglise&#8230;.on peut y croire..un peu, beaucoup, passionement&#8230;et m\u00eame \u00e0 la folie.. On demandera des informations de premi\u00e8re main \u00e0 notre amie ( soeur) Carmen Sammut, pr\u00e9sidente de l&rsquo;union des sup\u00e9rieures g\u00e9n\u00e9rales des congr\u00e9gations f\u00e9minine apostoliques&#8230; Un congr\u00e8s \u00e0 &hellip; Continuer la lecture de &laquo;&nbsp;28 septembre 2016&nbsp;&raquo;","og_url":"https:\/\/sedirelyon.fr\/lesdiaconessesdurocher\/2016\/09\/27\/28-septembre-2016\/","og_site_name":"Les Diaconesses du Rocher","article_published_time":"2016-09-27T10:56:19+00:00","article_modified_time":"2016-09-27T19:19:22+00:00","author":"nathaliemignonat","twitter_card":"summary_large_image","twitter_misc":{"\u00c9crit par":"nathaliemignonat"},"schema":{"@context":"https:\/\/schema.org","@graph":[{"@type":"Article","@id":"https:\/\/sedirelyon.fr\/lesdiaconessesdurocher\/2016\/09\/27\/28-septembre-2016\/#article","isPartOf":{"@id":"https:\/\/sedirelyon.fr\/lesdiaconessesdurocher\/2016\/09\/27\/28-septembre-2016\/"},"author":{"name":"nathaliemignonat","@id":"https:\/\/sedirelyon.fr\/lesdiaconessesdurocher\/#\/schema\/person\/fec69ce68ddb87cae58190bb2da6585c"},"headline":"28 septembre 2016","datePublished":"2016-09-27T10:56:19+00:00","dateModified":"2016-09-27T19:19:22+00:00","mainEntityOfPage":{"@id":"https:\/\/sedirelyon.fr\/lesdiaconessesdurocher\/2016\/09\/27\/28-septembre-2016\/"},"wordCount":70,"commentCount":0,"inLanguage":"fr-FR","potentialAction":[{"@type":"CommentAction","name":"Comment","target":["https:\/\/sedirelyon.fr\/lesdiaconessesdurocher\/2016\/09\/27\/28-septembre-2016\/#respond"]}]},{"@type":"WebPage","@id":"https:\/\/sedirelyon.fr\/lesdiaconessesdurocher\/2016\/09\/27\/28-septembre-2016\/","url":"https:\/\/sedirelyon.fr\/lesdiaconessesdurocher\/2016\/09\/27\/28-septembre-2016\/","name":"28 septembre 2016 - Les Diaconesses du Rocher","isPartOf":{"@id":"https:\/\/sedirelyon.fr\/lesdiaconessesdurocher\/#website"},"datePublished":"2016-09-27T10:56:19+00:00","dateModified":"2016-09-27T19:19:22+00:00","author":{"@id":"https:\/\/sedirelyon.fr\/lesdiaconessesdurocher\/#\/schema\/person\/fec69ce68ddb87cae58190bb2da6585c"},"breadcrumb":{"@id":"https:\/\/sedirelyon.fr\/lesdiaconessesdurocher\/2016\/09\/27\/28-septembre-2016\/#breadcrumb"},"inLanguage":"fr-FR","potentialAction":[{"@type":"ReadAction","target":["https:\/\/sedirelyon.fr\/lesdiaconessesdurocher\/2016\/09\/27\/28-septembre-2016\/"]}]},{"@type":"BreadcrumbList","@id":"https:\/\/sedirelyon.fr\/lesdiaconessesdurocher\/2016\/09\/27\/28-septembre-2016\/#breadcrumb","itemListElement":[{"@type":"ListItem","position":1,"name":"Accueil","item":"https:\/\/sedirelyon.fr\/lesdiaconessesdurocher\/"},{"@type":"ListItem","position":2,"name":"28 septembre 2016"}]},{"@type":"WebSite","@id":"https:\/\/sedirelyon.fr\/lesdiaconessesdurocher\/#website","url":"https:\/\/sedirelyon.fr\/lesdiaconessesdurocher\/","name":"Les Diaconesses du Rocher","description":"des femmes dans l&#039;Eglise","potentialAction":[{"@type":"SearchAction","target":{"@type":"EntryPoint","urlTemplate":"https:\/\/sedirelyon.fr\/lesdiaconessesdurocher\/?s={search_term_string}"},"query-input":{"@type":"PropertyValueSpecification","valueRequired":true,"valueName":"search_term_string"}}],"inLanguage":"fr-FR"},{"@type":"Person","@id":"https:\/\/sedirelyon.fr\/lesdiaconessesdurocher\/#\/schema\/person\/fec69ce68ddb87cae58190bb2da6585c","name":"nathaliemignonat","image":{"@type":"ImageObject","inLanguage":"fr-FR","@id":"https:\/\/secure.gravatar.com\/avatar\/43b6c881825b4291900a6ca166839d84423e547afe9939045766753e028b6776?s=96&d=mm&r=g","url":"https:\/\/secure.gravatar.com\/avatar\/43b6c881825b4291900a6ca166839d84423e547afe9939045766753e028b6776?s=96&d=mm&r=g","contentUrl":"https:\/\/secure.gravatar.com\/avatar\/43b6c881825b4291900a6ca166839d84423e547afe9939045766753e028b6776?s=96&d=mm&r=g","caption":"nathaliemignonat"},"url":"https:\/\/sedirelyon.fr\/lesdiaconessesdurocher\/author\/nathaliemignonat\/"}]}},"jetpack_publicize_connections":[],"jetpack_featured_media_url":"","jetpack_sharing_enabled":true,"jetpack_shortlink":"https:\/\/wp.me\/p7xNTI-45","jetpack-related-posts":[],"_links":{"self":[{"href":"https:\/\/sedirelyon.fr\/lesdiaconessesdurocher\/wp-json\/wp\/v2\/posts\/253","targetHints":{"allow":["GET"]}}],"collection":[{"href":"https:\/\/sedirelyon.fr\/lesdiaconessesdurocher\/wp-json\/wp\/v2\/posts"}],"about":[{"href":"https:\/\/sedirelyon.fr\/lesdiaconessesdurocher\/wp-json\/wp\/v2\/types\/post"}],"author":[{"embeddable":true,"href":"https:\/\/sedirelyon.fr\/lesdiaconessesdurocher\/wp-json\/wp\/v2\/users\/1"}],"replies":[{"embeddable":true,"href":"https:\/\/sedirelyon.fr\/lesdiaconessesdurocher\/wp-json\/wp\/v2\/comments?post=253"}],"version-history":[{"count":2,"href":"https:\/\/sedirelyon.fr\/lesdiaconessesdurocher\/wp-json\/wp\/v2\/posts\/253\/revisions"}],"predecessor-version":[{"id":255,"href":"https:\/\/sedirelyon.fr\/lesdiaconessesdurocher\/wp-json\/wp\/v2\/posts\/253\/revisions\/255"}],"wp:attachment":[{"href":"https:\/\/sedirelyon.fr\/lesdiaconessesdurocher\/wp-json\/wp\/v2\/media?parent=253"}],"wp:term":[{"taxonomy":"category","embeddable":true,"href":"https:\/\/sedirelyon.fr\/lesdiaconessesdurocher\/wp-json\/wp\/v2\/categories?post=253"},{"taxonomy":"post_tag","embeddable":true,"href":"https:\/\/sedirelyon.fr\/lesdiaconessesdurocher\/wp-json\/wp\/v2\/tags?post=253"}],"curies":[{"name":"wp","href":"https:\/\/api.w.org\/{rel}","templated":true}]}}