{"id":263,"date":"2016-10-30T23:55:37","date_gmt":"2016-10-30T22:55:37","guid":{"rendered":"http:\/\/sedirelyon.fr\/lesdiaconessesdurocher\/?p=263"},"modified":"2016-10-30T23:55:37","modified_gmt":"2016-10-30T22:55:37","slug":"theorie-du-genre","status":"publish","type":"post","link":"https:\/\/sedirelyon.fr\/lesdiaconessesdurocher\/2016\/10\/30\/theorie-du-genre\/","title":{"rendered":"th\u00e9orie du genre"},"content":{"rendered":"<p>On en reparle puisque le pape Fran\u00e7ois s&rsquo;est un peu fait pi\u00e9g\u00e9 par le lobbying \u00a0\u00bb anti gender \u00ab\u00a0&#8230;<\/p>\n<p>un article amusant pioch\u00e9 <a href=\"http:\/\/alpha.comitedelajupe.fr\/?q=content\/la-%C2%AB-th%C3%A9orie-du-genre-%C2%BB-expliqu%C3%A9e-aux-cathos-%E2%80%93-par-une-catho-0\" target=\"_blank\">dans le comit\u00e9 de la jupe<\/a><\/p>\n<p>un peu<a href=\"http:\/\/www.lemonde.fr\/religions\/article\/2016\/10\/03\/le-pape-accuse-les-manuels-scolaires-francais-de-propager-la-theorie-du-genre_5007002_1653130.html\" target=\"_blank\"> m\u00e9chant le monde<\/a>..<\/p>\n<p>et l<a href=\"http:\/\/www.lefigaro.fr\/actualite-france\/2016\/10\/03\/01016-20161003ARTFIG00209-le-pape-et-la-theorie-du-genre-la-polemique-en-cinq-questions.php\" target=\"_blank\">e figaro aussi<\/a><\/p>\n<p><a href=\"http:\/\/www.la-croix.com\/Religion\/Pape\/Le-pape-Francois-garde-contre-theorie-genre-2016-10-02-1200793319\" target=\"_blank\">premier article de la Croix<\/a><\/p>\n<p>mais <a href=\"http:\/\/www.la-croix.com\/Religion\/Pape\/Theorie-genre-pape-vraiment-2016-10-03-1200793439\" target=\"_blank\">ce que le pape a vraiment dit<\/a><\/p>\n<p>la th\u00e9orie<a href=\"http:\/\/www.huffingtonpost.fr\/pascal-huguet\/la-theorie-du-genre-pour-les-nuls\/\" target=\"_blank\"> pour les nuls<\/a><\/p>\n<p>bon j&rsquo;arr\u00eate, j&rsquo;ai <strong>ma<\/strong> vaisselle qui m&rsquo;attends dans <strong>ma<\/strong> cuisine&#8230;<img data-recalc-dims=\"1\" loading=\"lazy\" decoding=\"async\" data-attachment-id=\"104\" data-permalink=\"https:\/\/sedirelyon.fr\/lesdiaconessesdurocher\/les-brebis\/baleine-carree\/\" data-orig-file=\"https:\/\/i0.wp.com\/sedirelyon.fr\/lesdiaconessesdurocher\/wp-content\/uploads\/sites\/2\/2016\/02\/baleine-carr%C3%A9e.jpg?fit=400%2C400&amp;ssl=1\" data-orig-size=\"400,400\" data-comments-opened=\"1\" data-image-meta=\"{&quot;aperture&quot;:&quot;0&quot;,&quot;credit&quot;:&quot;&quot;,&quot;camera&quot;:&quot;&quot;,&quot;caption&quot;:&quot;&quot;,&quot;created_timestamp&quot;:&quot;0&quot;,&quot;copyright&quot;:&quot;&quot;,&quot;focal_length&quot;:&quot;0&quot;,&quot;iso&quot;:&quot;0&quot;,&quot;shutter_speed&quot;:&quot;0&quot;,&quot;title&quot;:&quot;&quot;,&quot;orientation&quot;:&quot;0&quot;}\" data-image-title=\"baleine carr\u00e9e\" data-image-description=\"\" data-image-caption=\"\" data-medium-file=\"https:\/\/i0.wp.com\/sedirelyon.fr\/lesdiaconessesdurocher\/wp-content\/uploads\/sites\/2\/2016\/02\/baleine-carr%C3%A9e.jpg?fit=300%2C300&amp;ssl=1\" data-large-file=\"https:\/\/i0.wp.com\/sedirelyon.fr\/lesdiaconessesdurocher\/wp-content\/uploads\/sites\/2\/2016\/02\/baleine-carr%C3%A9e.jpg?fit=400%2C400&amp;ssl=1\" class=\"aligncenter size-medium wp-image-104\" src=\"https:\/\/i0.wp.com\/sedirelyon.fr\/lesdiaconessesdurocher\/wp-content\/uploads\/sites\/2\/2016\/02\/baleine-carr%C3%A9e.jpg?resize=300%2C300&#038;ssl=1\" alt=\"baleine carr\u00e9e\" width=\"300\" height=\"300\" srcset=\"https:\/\/i0.wp.com\/sedirelyon.fr\/lesdiaconessesdurocher\/wp-content\/uploads\/sites\/2\/2016\/02\/baleine-carr%C3%A9e.jpg?resize=300%2C300&amp;ssl=1 300w, https:\/\/i0.wp.com\/sedirelyon.fr\/lesdiaconessesdurocher\/wp-content\/uploads\/sites\/2\/2016\/02\/baleine-carr%C3%A9e.jpg?resize=150%2C150&amp;ssl=1 150w, https:\/\/i0.wp.com\/sedirelyon.fr\/lesdiaconessesdurocher\/wp-content\/uploads\/sites\/2\/2016\/02\/baleine-carr%C3%A9e.jpg?w=400&amp;ssl=1 400w\" sizes=\"auto, (max-width: 300px) 85vw, 300px\" \/><\/p>\n","protected":false},"excerpt":{"rendered":"<p>On en reparle puisque le pape Fran\u00e7ois s&rsquo;est un peu fait pi\u00e9g\u00e9 par le lobbying \u00a0\u00bb anti gender \u00ab\u00a0&#8230; un article amusant pioch\u00e9 dans le comit\u00e9 de la jupe un peu m\u00e9chant le monde.. et le figaro aussi premier article de la Croix mais ce que le pape a vraiment dit la th\u00e9orie pour les &hellip; <a href=\"https:\/\/sedirelyon.fr\/lesdiaconessesdurocher\/2016\/10\/30\/theorie-du-genre\/\" class=\"more-link\">Continuer la lecture<span class=\"screen-reader-text\"> de &laquo;&nbsp;th\u00e9orie du genre&nbsp;&raquo;<\/span><\/a><\/p>\n","protected":false},"author":1,"featured_media":0,"comment_status":"open","ping_status":"open","sticky":false,"template":"","format":"standard","meta":{"jetpack_post_was_ever_published":false,"_jetpack_newsletter_access":"","_jetpack_dont_email_post_to_subs":false,"_jetpack_newsletter_tier_id":0,"_jetpack_memberships_contains_paywalled_content":false,"_jetpack_memberships_contains_paid_content":false,"footnotes":"","jetpack_publicize_message":"","jetpack_publicize_feature_enabled":true,"jetpack_social_post_already_shared":true,"jetpack_social_options":{"image_generator_settings":{"template":"highway","default_image_id":0,"enabled":false},"version":2}},"categories":[1],"tags":[],"class_list":["post-263","post","type-post","status-publish","format-standard","hentry","category-non-classe"],"yoast_head":"<!-- This site is optimized with the Yoast SEO plugin v27.5 - https:\/\/yoast.com\/product\/yoast-seo-wordpress\/ -->\n<title>th\u00e9orie du genre - Les Diaconesses du Rocher<\/title>\n<meta name=\"robots\" content=\"index, follow, max-snippet:-1, max-image-preview:large, max-video-preview:-1\" \/>\n<link rel=\"canonical\" href=\"http:\/\/sedirelyon.fr\/lesdiaconessesdurocher\/2016\/10\/30\/theorie-du-genre\/\" \/>\n<meta property=\"og:locale\" content=\"fr_FR\" \/>\n<meta property=\"og:type\" content=\"article\" \/>\n<meta property=\"og:title\" content=\"th\u00e9orie du genre - Les Diaconesses du Rocher\" \/>\n<meta property=\"og:description\" content=\"On en reparle puisque le pape Fran\u00e7ois s&rsquo;est un peu fait pi\u00e9g\u00e9 par le lobbying \u00a0\u00bb anti gender \u00ab\u00a0&#8230; un article amusant pioch\u00e9 dans le comit\u00e9 de la jupe un peu m\u00e9chant le monde.. et le figaro aussi premier article de la Croix mais ce que le pape a vraiment dit la th\u00e9orie pour les &hellip; Continuer la lecture de &laquo;&nbsp;th\u00e9orie du genre&nbsp;&raquo;\" \/>\n<meta property=\"og:url\" content=\"http:\/\/sedirelyon.fr\/lesdiaconessesdurocher\/2016\/10\/30\/theorie-du-genre\/\" \/>\n<meta property=\"og:site_name\" content=\"Les Diaconesses du Rocher\" \/>\n<meta property=\"article:published_time\" content=\"2016-10-30T22:55:37+00:00\" \/>\n<meta name=\"author\" content=\"nathaliemignonat\" \/>\n<meta name=\"twitter:card\" content=\"summary_large_image\" \/>\n<meta name=\"twitter:label1\" content=\"\u00c9crit par\" \/>\n\t<meta name=\"twitter:data1\" content=\"nathaliemignonat\" \/>\n<script type=\"application\/ld+json\" class=\"yoast-schema-graph\">{\"@context\":\"https:\\\/\\\/schema.org\",\"@graph\":[{\"@type\":\"Article\",\"@id\":\"http:\\\/\\\/sedirelyon.fr\\\/lesdiaconessesdurocher\\\/2016\\\/10\\\/30\\\/theorie-du-genre\\\/#article\",\"isPartOf\":{\"@id\":\"http:\\\/\\\/sedirelyon.fr\\\/lesdiaconessesdurocher\\\/2016\\\/10\\\/30\\\/theorie-du-genre\\\/\"},\"author\":{\"name\":\"nathaliemignonat\",\"@id\":\"https:\\\/\\\/sedirelyon.fr\\\/lesdiaconessesdurocher\\\/#\\\/schema\\\/person\\\/fec69ce68ddb87cae58190bb2da6585c\"},\"headline\":\"th\u00e9orie du genre\",\"datePublished\":\"2016-10-30T22:55:37+00:00\",\"mainEntityOfPage\":{\"@id\":\"http:\\\/\\\/sedirelyon.fr\\\/lesdiaconessesdurocher\\\/2016\\\/10\\\/30\\\/theorie-du-genre\\\/\"},\"wordCount\":77,\"commentCount\":0,\"inLanguage\":\"fr-FR\",\"potentialAction\":[{\"@type\":\"CommentAction\",\"name\":\"Comment\",\"target\":[\"http:\\\/\\\/sedirelyon.fr\\\/lesdiaconessesdurocher\\\/2016\\\/10\\\/30\\\/theorie-du-genre\\\/#respond\"]}]},{\"@type\":\"WebPage\",\"@id\":\"http:\\\/\\\/sedirelyon.fr\\\/lesdiaconessesdurocher\\\/2016\\\/10\\\/30\\\/theorie-du-genre\\\/\",\"url\":\"http:\\\/\\\/sedirelyon.fr\\\/lesdiaconessesdurocher\\\/2016\\\/10\\\/30\\\/theorie-du-genre\\\/\",\"name\":\"th\u00e9orie du genre - Les Diaconesses du Rocher\",\"isPartOf\":{\"@id\":\"https:\\\/\\\/sedirelyon.fr\\\/lesdiaconessesdurocher\\\/#website\"},\"datePublished\":\"2016-10-30T22:55:37+00:00\",\"author\":{\"@id\":\"https:\\\/\\\/sedirelyon.fr\\\/lesdiaconessesdurocher\\\/#\\\/schema\\\/person\\\/fec69ce68ddb87cae58190bb2da6585c\"},\"breadcrumb\":{\"@id\":\"http:\\\/\\\/sedirelyon.fr\\\/lesdiaconessesdurocher\\\/2016\\\/10\\\/30\\\/theorie-du-genre\\\/#breadcrumb\"},\"inLanguage\":\"fr-FR\",\"potentialAction\":[{\"@type\":\"ReadAction\",\"target\":[\"http:\\\/\\\/sedirelyon.fr\\\/lesdiaconessesdurocher\\\/2016\\\/10\\\/30\\\/theorie-du-genre\\\/\"]}]},{\"@type\":\"BreadcrumbList\",\"@id\":\"http:\\\/\\\/sedirelyon.fr\\\/lesdiaconessesdurocher\\\/2016\\\/10\\\/30\\\/theorie-du-genre\\\/#breadcrumb\",\"itemListElement\":[{\"@type\":\"ListItem\",\"position\":1,\"name\":\"Accueil\",\"item\":\"https:\\\/\\\/sedirelyon.fr\\\/lesdiaconessesdurocher\\\/\"},{\"@type\":\"ListItem\",\"position\":2,\"name\":\"th\u00e9orie du genre\"}]},{\"@type\":\"WebSite\",\"@id\":\"https:\\\/\\\/sedirelyon.fr\\\/lesdiaconessesdurocher\\\/#website\",\"url\":\"https:\\\/\\\/sedirelyon.fr\\\/lesdiaconessesdurocher\\\/\",\"name\":\"Les Diaconesses du Rocher\",\"description\":\"des femmes dans l&#039;Eglise\",\"potentialAction\":[{\"@type\":\"SearchAction\",\"target\":{\"@type\":\"EntryPoint\",\"urlTemplate\":\"https:\\\/\\\/sedirelyon.fr\\\/lesdiaconessesdurocher\\\/?s={search_term_string}\"},\"query-input\":{\"@type\":\"PropertyValueSpecification\",\"valueRequired\":true,\"valueName\":\"search_term_string\"}}],\"inLanguage\":\"fr-FR\"},{\"@type\":\"Person\",\"@id\":\"https:\\\/\\\/sedirelyon.fr\\\/lesdiaconessesdurocher\\\/#\\\/schema\\\/person\\\/fec69ce68ddb87cae58190bb2da6585c\",\"name\":\"nathaliemignonat\",\"image\":{\"@type\":\"ImageObject\",\"inLanguage\":\"fr-FR\",\"@id\":\"https:\\\/\\\/secure.gravatar.com\\\/avatar\\\/43b6c881825b4291900a6ca166839d84423e547afe9939045766753e028b6776?s=96&d=mm&r=g\",\"url\":\"https:\\\/\\\/secure.gravatar.com\\\/avatar\\\/43b6c881825b4291900a6ca166839d84423e547afe9939045766753e028b6776?s=96&d=mm&r=g\",\"contentUrl\":\"https:\\\/\\\/secure.gravatar.com\\\/avatar\\\/43b6c881825b4291900a6ca166839d84423e547afe9939045766753e028b6776?s=96&d=mm&r=g\",\"caption\":\"nathaliemignonat\"},\"url\":\"https:\\\/\\\/sedirelyon.fr\\\/lesdiaconessesdurocher\\\/author\\\/nathaliemignonat\\\/\"}]}<\/script>\n<!-- \/ Yoast SEO plugin. -->","yoast_head_json":{"title":"th\u00e9orie du genre - Les Diaconesses du Rocher","robots":{"index":"index","follow":"follow","max-snippet":"max-snippet:-1","max-image-preview":"max-image-preview:large","max-video-preview":"max-video-preview:-1"},"canonical":"http:\/\/sedirelyon.fr\/lesdiaconessesdurocher\/2016\/10\/30\/theorie-du-genre\/","og_locale":"fr_FR","og_type":"article","og_title":"th\u00e9orie du genre - Les Diaconesses du Rocher","og_description":"On en reparle puisque le pape Fran\u00e7ois s&rsquo;est un peu fait pi\u00e9g\u00e9 par le lobbying \u00a0\u00bb anti gender \u00ab\u00a0&#8230; un article amusant pioch\u00e9 dans le comit\u00e9 de la jupe un peu m\u00e9chant le monde.. et le figaro aussi premier article de la Croix mais ce que le pape a vraiment dit la th\u00e9orie pour les &hellip; Continuer la lecture de &laquo;&nbsp;th\u00e9orie du genre&nbsp;&raquo;","og_url":"http:\/\/sedirelyon.fr\/lesdiaconessesdurocher\/2016\/10\/30\/theorie-du-genre\/","og_site_name":"Les Diaconesses du Rocher","article_published_time":"2016-10-30T22:55:37+00:00","author":"nathaliemignonat","twitter_card":"summary_large_image","twitter_misc":{"\u00c9crit par":"nathaliemignonat"},"schema":{"@context":"https:\/\/schema.org","@graph":[{"@type":"Article","@id":"http:\/\/sedirelyon.fr\/lesdiaconessesdurocher\/2016\/10\/30\/theorie-du-genre\/#article","isPartOf":{"@id":"http:\/\/sedirelyon.fr\/lesdiaconessesdurocher\/2016\/10\/30\/theorie-du-genre\/"},"author":{"name":"nathaliemignonat","@id":"https:\/\/sedirelyon.fr\/lesdiaconessesdurocher\/#\/schema\/person\/fec69ce68ddb87cae58190bb2da6585c"},"headline":"th\u00e9orie du genre","datePublished":"2016-10-30T22:55:37+00:00","mainEntityOfPage":{"@id":"http:\/\/sedirelyon.fr\/lesdiaconessesdurocher\/2016\/10\/30\/theorie-du-genre\/"},"wordCount":77,"commentCount":0,"inLanguage":"fr-FR","potentialAction":[{"@type":"CommentAction","name":"Comment","target":["http:\/\/sedirelyon.fr\/lesdiaconessesdurocher\/2016\/10\/30\/theorie-du-genre\/#respond"]}]},{"@type":"WebPage","@id":"http:\/\/sedirelyon.fr\/lesdiaconessesdurocher\/2016\/10\/30\/theorie-du-genre\/","url":"http:\/\/sedirelyon.fr\/lesdiaconessesdurocher\/2016\/10\/30\/theorie-du-genre\/","name":"th\u00e9orie du genre - Les Diaconesses du Rocher","isPartOf":{"@id":"https:\/\/sedirelyon.fr\/lesdiaconessesdurocher\/#website"},"datePublished":"2016-10-30T22:55:37+00:00","author":{"@id":"https:\/\/sedirelyon.fr\/lesdiaconessesdurocher\/#\/schema\/person\/fec69ce68ddb87cae58190bb2da6585c"},"breadcrumb":{"@id":"http:\/\/sedirelyon.fr\/lesdiaconessesdurocher\/2016\/10\/30\/theorie-du-genre\/#breadcrumb"},"inLanguage":"fr-FR","potentialAction":[{"@type":"ReadAction","target":["http:\/\/sedirelyon.fr\/lesdiaconessesdurocher\/2016\/10\/30\/theorie-du-genre\/"]}]},{"@type":"BreadcrumbList","@id":"http:\/\/sedirelyon.fr\/lesdiaconessesdurocher\/2016\/10\/30\/theorie-du-genre\/#breadcrumb","itemListElement":[{"@type":"ListItem","position":1,"name":"Accueil","item":"https:\/\/sedirelyon.fr\/lesdiaconessesdurocher\/"},{"@type":"ListItem","position":2,"name":"th\u00e9orie du genre"}]},{"@type":"WebSite","@id":"https:\/\/sedirelyon.fr\/lesdiaconessesdurocher\/#website","url":"https:\/\/sedirelyon.fr\/lesdiaconessesdurocher\/","name":"Les Diaconesses du Rocher","description":"des femmes dans l&#039;Eglise","potentialAction":[{"@type":"SearchAction","target":{"@type":"EntryPoint","urlTemplate":"https:\/\/sedirelyon.fr\/lesdiaconessesdurocher\/?s={search_term_string}"},"query-input":{"@type":"PropertyValueSpecification","valueRequired":true,"valueName":"search_term_string"}}],"inLanguage":"fr-FR"},{"@type":"Person","@id":"https:\/\/sedirelyon.fr\/lesdiaconessesdurocher\/#\/schema\/person\/fec69ce68ddb87cae58190bb2da6585c","name":"nathaliemignonat","image":{"@type":"ImageObject","inLanguage":"fr-FR","@id":"https:\/\/secure.gravatar.com\/avatar\/43b6c881825b4291900a6ca166839d84423e547afe9939045766753e028b6776?s=96&d=mm&r=g","url":"https:\/\/secure.gravatar.com\/avatar\/43b6c881825b4291900a6ca166839d84423e547afe9939045766753e028b6776?s=96&d=mm&r=g","contentUrl":"https:\/\/secure.gravatar.com\/avatar\/43b6c881825b4291900a6ca166839d84423e547afe9939045766753e028b6776?s=96&d=mm&r=g","caption":"nathaliemignonat"},"url":"https:\/\/sedirelyon.fr\/lesdiaconessesdurocher\/author\/nathaliemignonat\/"}]}},"jetpack_publicize_connections":[],"jetpack_featured_media_url":"","jetpack_sharing_enabled":true,"jetpack_shortlink":"https:\/\/wp.me\/p7xNTI-4f","jetpack-related-posts":[],"_links":{"self":[{"href":"https:\/\/sedirelyon.fr\/lesdiaconessesdurocher\/wp-json\/wp\/v2\/posts\/263","targetHints":{"allow":["GET"]}}],"collection":[{"href":"https:\/\/sedirelyon.fr\/lesdiaconessesdurocher\/wp-json\/wp\/v2\/posts"}],"about":[{"href":"https:\/\/sedirelyon.fr\/lesdiaconessesdurocher\/wp-json\/wp\/v2\/types\/post"}],"author":[{"embeddable":true,"href":"https:\/\/sedirelyon.fr\/lesdiaconessesdurocher\/wp-json\/wp\/v2\/users\/1"}],"replies":[{"embeddable":true,"href":"https:\/\/sedirelyon.fr\/lesdiaconessesdurocher\/wp-json\/wp\/v2\/comments?post=263"}],"version-history":[{"count":1,"href":"https:\/\/sedirelyon.fr\/lesdiaconessesdurocher\/wp-json\/wp\/v2\/posts\/263\/revisions"}],"predecessor-version":[{"id":264,"href":"https:\/\/sedirelyon.fr\/lesdiaconessesdurocher\/wp-json\/wp\/v2\/posts\/263\/revisions\/264"}],"wp:attachment":[{"href":"https:\/\/sedirelyon.fr\/lesdiaconessesdurocher\/wp-json\/wp\/v2\/media?parent=263"}],"wp:term":[{"taxonomy":"category","embeddable":true,"href":"https:\/\/sedirelyon.fr\/lesdiaconessesdurocher\/wp-json\/wp\/v2\/categories?post=263"},{"taxonomy":"post_tag","embeddable":true,"href":"https:\/\/sedirelyon.fr\/lesdiaconessesdurocher\/wp-json\/wp\/v2\/tags?post=263"}],"curies":[{"name":"wp","href":"https:\/\/api.w.org\/{rel}","templated":true}]}}