{"id":396,"date":"2017-06-10T07:50:16","date_gmt":"2017-06-10T06:50:16","guid":{"rendered":"http:\/\/sedirelyon.fr\/lesdiaconessesdurocher\/?p=396"},"modified":"2017-06-10T07:50:16","modified_gmt":"2017-06-10T06:50:16","slug":"participation-femmes-dialogue","status":"publish","type":"post","link":"https:\/\/sedirelyon.fr\/lesdiaconessesdurocher\/2017\/06\/10\/participation-femmes-dialogue\/","title":{"rendered":"participation des femmes au dialogue"},"content":{"rendered":"<h3><img data-recalc-dims=\"1\" loading=\"lazy\" decoding=\"async\" data-attachment-id=\"215\" data-permalink=\"https:\/\/sedirelyon.fr\/lesdiaconessesdurocher\/qui-sommes-nous\/contact\/diaconesse-chinoise-petite\/\" data-orig-file=\"https:\/\/i0.wp.com\/sedirelyon.fr\/lesdiaconessesdurocher\/wp-content\/uploads\/sites\/2\/2016\/07\/diaconesse-chinoise-petite.jpg?fit=336%2C582&amp;ssl=1\" data-orig-size=\"336,582\" data-comments-opened=\"1\" data-image-meta=\"{&quot;aperture&quot;:&quot;0&quot;,&quot;credit&quot;:&quot;&quot;,&quot;camera&quot;:&quot;&quot;,&quot;caption&quot;:&quot;&quot;,&quot;created_timestamp&quot;:&quot;0&quot;,&quot;copyright&quot;:&quot;&quot;,&quot;focal_length&quot;:&quot;0&quot;,&quot;iso&quot;:&quot;0&quot;,&quot;shutter_speed&quot;:&quot;0&quot;,&quot;title&quot;:&quot;&quot;,&quot;orientation&quot;:&quot;1&quot;}\" data-image-title=\"diaconesse chinoise petite\" data-image-description=\"\" data-image-caption=\"\" data-medium-file=\"https:\/\/i0.wp.com\/sedirelyon.fr\/lesdiaconessesdurocher\/wp-content\/uploads\/sites\/2\/2016\/07\/diaconesse-chinoise-petite.jpg?fit=173%2C300&amp;ssl=1\" data-large-file=\"https:\/\/i0.wp.com\/sedirelyon.fr\/lesdiaconessesdurocher\/wp-content\/uploads\/sites\/2\/2016\/07\/diaconesse-chinoise-petite.jpg?fit=336%2C582&amp;ssl=1\" class=\"size-thumbnail wp-image-215 alignleft\" src=\"https:\/\/i0.wp.com\/sedirelyon.fr\/lesdiaconessesdurocher\/wp-content\/uploads\/sites\/2\/2016\/07\/diaconesse-chinoise-petite.jpg?resize=150%2C150&#038;ssl=1\" alt=\"diaconesse chinoise petite\" width=\"150\" height=\"150\" srcset=\"https:\/\/i0.wp.com\/sedirelyon.fr\/lesdiaconessesdurocher\/wp-content\/uploads\/sites\/2\/2016\/07\/diaconesse-chinoise-petite.jpg?resize=150%2C150&amp;ssl=1 150w, https:\/\/i0.wp.com\/sedirelyon.fr\/lesdiaconessesdurocher\/wp-content\/uploads\/sites\/2\/2016\/07\/diaconesse-chinoise-petite.jpg?zoom=2&amp;resize=150%2C150&amp;ssl=1 300w\" sizes=\"auto, (max-width: 150px) 85vw, 150px\" \/>Nicolas Sen\u00e8ze du journal La Croix \u00e9crit :<\/h3>\n<p>\u00ab Les femmes doivent pouvoir s\u2019ins\u00e9rer de plein droit dans les \u00e9changes au niveau de l\u2019exp\u00e9rience religieuse mais aussi au niveau th\u00e9ologique \u00bb, a plaid\u00e9 vendredi 9 juin le pape Fran\u00e7ois devant les participants de l\u2019Assembl\u00e9e pl\u00e9ni\u00e8re du Conseil pontifical pour le dialogue interreligieux. Celle-ci se r\u00e9unissait de mercredi \u00e0 vendredi pour explorer \u00ab le r\u00f4le de la femme dans l\u2019\u00e9ducation \u00e0 la fraternit\u00e9 universelle \u00bb.<\/p>\n<p><a href=\"http:\/\/www.la-croix.com\/Urbi-et-Orbi\/Vatican\/Le-plaidoyer-pape-participation-femmes-dialogue-theologique-2017-06-09-1200853809\" target=\"_blank\">C&rsquo;est Un v\u00e9ritable plaidoyer du pape<\/a> pour la participation des femmes au dialogue th\u00e9ologique.<\/p>\n<p><img data-recalc-dims=\"1\" loading=\"lazy\" decoding=\"async\" data-attachment-id=\"406\" data-permalink=\"https:\/\/sedirelyon.fr\/lesdiaconessesdurocher\/2017\/06\/10\/participation-femmes-dialogue\/chapelle-santa-cruz-oran\/\" data-orig-file=\"https:\/\/i0.wp.com\/sedirelyon.fr\/lesdiaconessesdurocher\/wp-content\/uploads\/sites\/2\/2017\/06\/chapelle-santa-cruz-oran.jpg?fit=517%2C315&amp;ssl=1\" data-orig-size=\"517,315\" data-comments-opened=\"1\" data-image-meta=\"{&quot;aperture&quot;:&quot;0&quot;,&quot;credit&quot;:&quot;Nathalie&quot;,&quot;camera&quot;:&quot;&quot;,&quot;caption&quot;:&quot;&quot;,&quot;created_timestamp&quot;:&quot;1497084489&quot;,&quot;copyright&quot;:&quot;&quot;,&quot;focal_length&quot;:&quot;0&quot;,&quot;iso&quot;:&quot;0&quot;,&quot;shutter_speed&quot;:&quot;0&quot;,&quot;title&quot;:&quot;&quot;,&quot;orientation&quot;:&quot;0&quot;}\" data-image-title=\"chapelle santa cruz oran\" data-image-description=\"\" data-image-caption=\"\" data-medium-file=\"https:\/\/i0.wp.com\/sedirelyon.fr\/lesdiaconessesdurocher\/wp-content\/uploads\/sites\/2\/2017\/06\/chapelle-santa-cruz-oran.jpg?fit=300%2C183&amp;ssl=1\" data-large-file=\"https:\/\/i0.wp.com\/sedirelyon.fr\/lesdiaconessesdurocher\/wp-content\/uploads\/sites\/2\/2017\/06\/chapelle-santa-cruz-oran.jpg?fit=517%2C315&amp;ssl=1\" class=\"aligncenter size-medium wp-image-406\" src=\"https:\/\/i0.wp.com\/sedirelyon.fr\/lesdiaconessesdurocher\/wp-content\/uploads\/sites\/2\/2017\/06\/chapelle-santa-cruz-oran.jpg?resize=300%2C183&#038;ssl=1\" alt=\"chapelle santa cruz oran\" width=\"300\" height=\"183\" srcset=\"https:\/\/i0.wp.com\/sedirelyon.fr\/lesdiaconessesdurocher\/wp-content\/uploads\/sites\/2\/2017\/06\/chapelle-santa-cruz-oran.jpg?resize=300%2C183&amp;ssl=1 300w, https:\/\/i0.wp.com\/sedirelyon.fr\/lesdiaconessesdurocher\/wp-content\/uploads\/sites\/2\/2017\/06\/chapelle-santa-cruz-oran.jpg?w=517&amp;ssl=1 517w\" sizes=\"auto, (max-width: 300px) 85vw, 300px\" \/><\/p>\n<p>Je vous avais inform\u00e9 de la remise de la l\u00e9gion d&rsquo;honneur \u00e0 notre ami Jean-Paul Vesco, <a href=\"https:\/\/sedirelyon.fr\/lesdiaconessesdurocher\/legion-dhonneur-jean-paul\/\" target=\"_blank\">voici le discours de remise<\/a> et la r\u00e9ponse de Jean-Paul.<\/p>\n<p><img data-recalc-dims=\"1\" loading=\"lazy\" decoding=\"async\" data-attachment-id=\"405\" data-permalink=\"https:\/\/sedirelyon.fr\/lesdiaconessesdurocher\/2017\/06\/10\/participation-femmes-dialogue\/lucetta-legion-dhonneur\/\" data-orig-file=\"https:\/\/i0.wp.com\/sedirelyon.fr\/lesdiaconessesdurocher\/wp-content\/uploads\/sites\/2\/2017\/06\/Lucetta-l%C3%A9gion-dhonneur.jpg?fit=208%2C213&amp;ssl=1\" data-orig-size=\"208,213\" data-comments-opened=\"1\" data-image-meta=\"{&quot;aperture&quot;:&quot;0&quot;,&quot;credit&quot;:&quot;Nathalie&quot;,&quot;camera&quot;:&quot;&quot;,&quot;caption&quot;:&quot;&quot;,&quot;created_timestamp&quot;:&quot;1497083082&quot;,&quot;copyright&quot;:&quot;&quot;,&quot;focal_length&quot;:&quot;0&quot;,&quot;iso&quot;:&quot;0&quot;,&quot;shutter_speed&quot;:&quot;0&quot;,&quot;title&quot;:&quot;&quot;,&quot;orientation&quot;:&quot;0&quot;}\" data-image-title=\"Lucetta l\u00e9gion d&amp;rsquo;honneur\" data-image-description=\"\" data-image-caption=\"\" data-medium-file=\"https:\/\/i0.wp.com\/sedirelyon.fr\/lesdiaconessesdurocher\/wp-content\/uploads\/sites\/2\/2017\/06\/Lucetta-l%C3%A9gion-dhonneur.jpg?fit=208%2C213&amp;ssl=1\" data-large-file=\"https:\/\/i0.wp.com\/sedirelyon.fr\/lesdiaconessesdurocher\/wp-content\/uploads\/sites\/2\/2017\/06\/Lucetta-l%C3%A9gion-dhonneur.jpg?fit=208%2C213&amp;ssl=1\" class=\"aligncenter size-full wp-image-405\" src=\"https:\/\/i0.wp.com\/sedirelyon.fr\/lesdiaconessesdurocher\/wp-content\/uploads\/sites\/2\/2017\/06\/Lucetta-l%C3%A9gion-dhonneur.jpg?resize=208%2C213&#038;ssl=1\" alt=\"Lucetta l\u00e9gion d'honneur\" width=\"208\" height=\"213\" \/>Puisqu&rsquo;on n&rsquo;en est aux d\u00e9corations, je vous avais inform\u00e9 de la remise de la l\u00e9gion d&rsquo;honneur \u00e0 Lucetta, <a href=\"https:\/\/sedirelyon.fr\/lesdiaconessesdurocher\/reponse-de-lucettea-legion-dhonneure\/\" target=\"_blank\">voici son discour<\/a>s qui montre sa grande culture fran\u00e7aise et nous d\u00e9nonce les figures des femmes et des hommes qui l&rsquo;ont marqu\u00e9 .<\/p>\n<p>D\u00a0\u00bbailleurs le journal \u00a0\u00bb La Croix\u00a0\u00bb en a fait t<a href=\"http:\/\/www.la-croix.com\/Urbi-et-Orbi\/Documentation-catholique\/Dossiers\" target=\"_blank\">out un dossier<\/a> si vous avez le temps&#8230;.<\/p>\n<p>et m\u00eame <a href=\"http:\/\/www.la-croix.com\/Urbi-et-Orbi\/Documentation-catholique\/Dossiers\/LEglise-et-les-femmes-morceaux-choisis-2017-04-07-1200830302\" target=\"_blank\">une r\u00e9trospectiv<\/a>e&#8230;<\/p>\n<p>bonne lecture&#8230;bon WE<\/p>\n","protected":false},"excerpt":{"rendered":"<p>Nicolas Sen\u00e8ze du journal La Croix \u00e9crit : \u00ab Les femmes doivent pouvoir s\u2019ins\u00e9rer de plein droit dans les \u00e9changes au niveau de l\u2019exp\u00e9rience religieuse mais aussi au niveau th\u00e9ologique \u00bb, a plaid\u00e9 vendredi 9 juin le pape Fran\u00e7ois devant les participants de l\u2019Assembl\u00e9e pl\u00e9ni\u00e8re du Conseil pontifical pour le dialogue interreligieux. Celle-ci se r\u00e9unissait &hellip; <a href=\"https:\/\/sedirelyon.fr\/lesdiaconessesdurocher\/2017\/06\/10\/participation-femmes-dialogue\/\" class=\"more-link\">Continuer la lecture<span class=\"screen-reader-text\"> de &laquo;&nbsp;participation des femmes au dialogue&nbsp;&raquo;<\/span><\/a><\/p>\n","protected":false},"author":1,"featured_media":0,"comment_status":"open","ping_status":"open","sticky":false,"template":"","format":"standard","meta":{"jetpack_post_was_ever_published":false,"_jetpack_newsletter_access":"","_jetpack_dont_email_post_to_subs":false,"_jetpack_newsletter_tier_id":0,"_jetpack_memberships_contains_paywalled_content":false,"_jetpack_memberships_contains_paid_content":false,"footnotes":"","jetpack_publicize_message":"","jetpack_publicize_feature_enabled":true,"jetpack_social_post_already_shared":true,"jetpack_social_options":{"image_generator_settings":{"template":"highway","default_image_id":0,"enabled":false},"version":2}},"categories":[1],"tags":[],"class_list":["post-396","post","type-post","status-publish","format-standard","hentry","category-non-classe"],"yoast_head":"<!-- This site is optimized with the Yoast SEO plugin v27.5 - https:\/\/yoast.com\/product\/yoast-seo-wordpress\/ -->\n<title>participation des femmes au dialogue - Les Diaconesses du Rocher<\/title>\n<meta name=\"robots\" content=\"index, follow, max-snippet:-1, max-image-preview:large, max-video-preview:-1\" \/>\n<link rel=\"canonical\" href=\"https:\/\/sedirelyon.fr\/lesdiaconessesdurocher\/2017\/06\/10\/participation-femmes-dialogue\/\" \/>\n<meta property=\"og:locale\" content=\"fr_FR\" \/>\n<meta property=\"og:type\" content=\"article\" \/>\n<meta property=\"og:title\" content=\"participation des femmes au dialogue - Les Diaconesses du Rocher\" \/>\n<meta property=\"og:description\" content=\"Nicolas Sen\u00e8ze du journal La Croix \u00e9crit : \u00ab Les femmes doivent pouvoir s\u2019ins\u00e9rer de plein droit dans les \u00e9changes au niveau de l\u2019exp\u00e9rience religieuse mais aussi au niveau th\u00e9ologique \u00bb, a plaid\u00e9 vendredi 9 juin le pape Fran\u00e7ois devant les participants de l\u2019Assembl\u00e9e pl\u00e9ni\u00e8re du Conseil pontifical pour le dialogue interreligieux. Celle-ci se r\u00e9unissait &hellip; Continuer la lecture de &laquo;&nbsp;participation des femmes au dialogue&nbsp;&raquo;\" \/>\n<meta property=\"og:url\" content=\"https:\/\/sedirelyon.fr\/lesdiaconessesdurocher\/2017\/06\/10\/participation-femmes-dialogue\/\" \/>\n<meta property=\"og:site_name\" content=\"Les Diaconesses du Rocher\" \/>\n<meta property=\"article:published_time\" content=\"2017-06-10T06:50:16+00:00\" \/>\n<meta property=\"og:image\" content=\"https:\/\/sedirelyon.fr\/lesdiaconessesdurocher\/wp-content\/uploads\/sites\/2\/2016\/07\/diaconesse-chinoise-petite-150x150.jpg\" \/>\n<meta name=\"author\" content=\"nathaliemignonat\" \/>\n<meta name=\"twitter:card\" content=\"summary_large_image\" \/>\n<meta name=\"twitter:label1\" content=\"\u00c9crit par\" \/>\n\t<meta name=\"twitter:data1\" content=\"nathaliemignonat\" \/>\n\t<meta name=\"twitter:label2\" content=\"Dur\u00e9e de lecture estim\u00e9e\" \/>\n\t<meta name=\"twitter:data2\" content=\"1 minute\" \/>\n<script type=\"application\/ld+json\" class=\"yoast-schema-graph\">{\"@context\":\"https:\\\/\\\/schema.org\",\"@graph\":[{\"@type\":\"Article\",\"@id\":\"https:\\\/\\\/sedirelyon.fr\\\/lesdiaconessesdurocher\\\/2017\\\/06\\\/10\\\/participation-femmes-dialogue\\\/#article\",\"isPartOf\":{\"@id\":\"https:\\\/\\\/sedirelyon.fr\\\/lesdiaconessesdurocher\\\/2017\\\/06\\\/10\\\/participation-femmes-dialogue\\\/\"},\"author\":{\"name\":\"nathaliemignonat\",\"@id\":\"https:\\\/\\\/sedirelyon.fr\\\/lesdiaconessesdurocher\\\/#\\\/schema\\\/person\\\/fec69ce68ddb87cae58190bb2da6585c\"},\"headline\":\"participation des femmes au dialogue\",\"datePublished\":\"2017-06-10T06:50:16+00:00\",\"mainEntityOfPage\":{\"@id\":\"https:\\\/\\\/sedirelyon.fr\\\/lesdiaconessesdurocher\\\/2017\\\/06\\\/10\\\/participation-femmes-dialogue\\\/\"},\"wordCount\":204,\"commentCount\":0,\"image\":{\"@id\":\"https:\\\/\\\/sedirelyon.fr\\\/lesdiaconessesdurocher\\\/2017\\\/06\\\/10\\\/participation-femmes-dialogue\\\/#primaryimage\"},\"thumbnailUrl\":\"https:\\\/\\\/sedirelyon.fr\\\/lesdiaconessesdurocher\\\/wp-content\\\/uploads\\\/sites\\\/2\\\/2016\\\/07\\\/diaconesse-chinoise-petite-150x150.jpg\",\"inLanguage\":\"fr-FR\",\"potentialAction\":[{\"@type\":\"CommentAction\",\"name\":\"Comment\",\"target\":[\"https:\\\/\\\/sedirelyon.fr\\\/lesdiaconessesdurocher\\\/2017\\\/06\\\/10\\\/participation-femmes-dialogue\\\/#respond\"]}]},{\"@type\":\"WebPage\",\"@id\":\"https:\\\/\\\/sedirelyon.fr\\\/lesdiaconessesdurocher\\\/2017\\\/06\\\/10\\\/participation-femmes-dialogue\\\/\",\"url\":\"https:\\\/\\\/sedirelyon.fr\\\/lesdiaconessesdurocher\\\/2017\\\/06\\\/10\\\/participation-femmes-dialogue\\\/\",\"name\":\"participation des femmes au dialogue - Les Diaconesses du Rocher\",\"isPartOf\":{\"@id\":\"https:\\\/\\\/sedirelyon.fr\\\/lesdiaconessesdurocher\\\/#website\"},\"primaryImageOfPage\":{\"@id\":\"https:\\\/\\\/sedirelyon.fr\\\/lesdiaconessesdurocher\\\/2017\\\/06\\\/10\\\/participation-femmes-dialogue\\\/#primaryimage\"},\"image\":{\"@id\":\"https:\\\/\\\/sedirelyon.fr\\\/lesdiaconessesdurocher\\\/2017\\\/06\\\/10\\\/participation-femmes-dialogue\\\/#primaryimage\"},\"thumbnailUrl\":\"https:\\\/\\\/sedirelyon.fr\\\/lesdiaconessesdurocher\\\/wp-content\\\/uploads\\\/sites\\\/2\\\/2016\\\/07\\\/diaconesse-chinoise-petite-150x150.jpg\",\"datePublished\":\"2017-06-10T06:50:16+00:00\",\"author\":{\"@id\":\"https:\\\/\\\/sedirelyon.fr\\\/lesdiaconessesdurocher\\\/#\\\/schema\\\/person\\\/fec69ce68ddb87cae58190bb2da6585c\"},\"breadcrumb\":{\"@id\":\"https:\\\/\\\/sedirelyon.fr\\\/lesdiaconessesdurocher\\\/2017\\\/06\\\/10\\\/participation-femmes-dialogue\\\/#breadcrumb\"},\"inLanguage\":\"fr-FR\",\"potentialAction\":[{\"@type\":\"ReadAction\",\"target\":[\"https:\\\/\\\/sedirelyon.fr\\\/lesdiaconessesdurocher\\\/2017\\\/06\\\/10\\\/participation-femmes-dialogue\\\/\"]}]},{\"@type\":\"ImageObject\",\"inLanguage\":\"fr-FR\",\"@id\":\"https:\\\/\\\/sedirelyon.fr\\\/lesdiaconessesdurocher\\\/2017\\\/06\\\/10\\\/participation-femmes-dialogue\\\/#primaryimage\",\"url\":\"https:\\\/\\\/i0.wp.com\\\/sedirelyon.fr\\\/lesdiaconessesdurocher\\\/wp-content\\\/uploads\\\/sites\\\/2\\\/2016\\\/07\\\/diaconesse-chinoise-petite.jpg?fit=336%2C582&ssl=1\",\"contentUrl\":\"https:\\\/\\\/i0.wp.com\\\/sedirelyon.fr\\\/lesdiaconessesdurocher\\\/wp-content\\\/uploads\\\/sites\\\/2\\\/2016\\\/07\\\/diaconesse-chinoise-petite.jpg?fit=336%2C582&ssl=1\",\"width\":336,\"height\":582},{\"@type\":\"BreadcrumbList\",\"@id\":\"https:\\\/\\\/sedirelyon.fr\\\/lesdiaconessesdurocher\\\/2017\\\/06\\\/10\\\/participation-femmes-dialogue\\\/#breadcrumb\",\"itemListElement\":[{\"@type\":\"ListItem\",\"position\":1,\"name\":\"Accueil\",\"item\":\"https:\\\/\\\/sedirelyon.fr\\\/lesdiaconessesdurocher\\\/\"},{\"@type\":\"ListItem\",\"position\":2,\"name\":\"participation des femmes au dialogue\"}]},{\"@type\":\"WebSite\",\"@id\":\"https:\\\/\\\/sedirelyon.fr\\\/lesdiaconessesdurocher\\\/#website\",\"url\":\"https:\\\/\\\/sedirelyon.fr\\\/lesdiaconessesdurocher\\\/\",\"name\":\"Les Diaconesses du Rocher\",\"description\":\"des femmes dans l&#039;Eglise\",\"potentialAction\":[{\"@type\":\"SearchAction\",\"target\":{\"@type\":\"EntryPoint\",\"urlTemplate\":\"https:\\\/\\\/sedirelyon.fr\\\/lesdiaconessesdurocher\\\/?s={search_term_string}\"},\"query-input\":{\"@type\":\"PropertyValueSpecification\",\"valueRequired\":true,\"valueName\":\"search_term_string\"}}],\"inLanguage\":\"fr-FR\"},{\"@type\":\"Person\",\"@id\":\"https:\\\/\\\/sedirelyon.fr\\\/lesdiaconessesdurocher\\\/#\\\/schema\\\/person\\\/fec69ce68ddb87cae58190bb2da6585c\",\"name\":\"nathaliemignonat\",\"image\":{\"@type\":\"ImageObject\",\"inLanguage\":\"fr-FR\",\"@id\":\"https:\\\/\\\/secure.gravatar.com\\\/avatar\\\/43b6c881825b4291900a6ca166839d84423e547afe9939045766753e028b6776?s=96&d=mm&r=g\",\"url\":\"https:\\\/\\\/secure.gravatar.com\\\/avatar\\\/43b6c881825b4291900a6ca166839d84423e547afe9939045766753e028b6776?s=96&d=mm&r=g\",\"contentUrl\":\"https:\\\/\\\/secure.gravatar.com\\\/avatar\\\/43b6c881825b4291900a6ca166839d84423e547afe9939045766753e028b6776?s=96&d=mm&r=g\",\"caption\":\"nathaliemignonat\"},\"url\":\"https:\\\/\\\/sedirelyon.fr\\\/lesdiaconessesdurocher\\\/author\\\/nathaliemignonat\\\/\"}]}<\/script>\n<!-- \/ Yoast SEO plugin. -->","yoast_head_json":{"title":"participation des femmes au dialogue - Les Diaconesses du Rocher","robots":{"index":"index","follow":"follow","max-snippet":"max-snippet:-1","max-image-preview":"max-image-preview:large","max-video-preview":"max-video-preview:-1"},"canonical":"https:\/\/sedirelyon.fr\/lesdiaconessesdurocher\/2017\/06\/10\/participation-femmes-dialogue\/","og_locale":"fr_FR","og_type":"article","og_title":"participation des femmes au dialogue - Les Diaconesses du Rocher","og_description":"Nicolas Sen\u00e8ze du journal La Croix \u00e9crit : \u00ab Les femmes doivent pouvoir s\u2019ins\u00e9rer de plein droit dans les \u00e9changes au niveau de l\u2019exp\u00e9rience religieuse mais aussi au niveau th\u00e9ologique \u00bb, a plaid\u00e9 vendredi 9 juin le pape Fran\u00e7ois devant les participants de l\u2019Assembl\u00e9e pl\u00e9ni\u00e8re du Conseil pontifical pour le dialogue interreligieux. Celle-ci se r\u00e9unissait &hellip; Continuer la lecture de &laquo;&nbsp;participation des femmes au dialogue&nbsp;&raquo;","og_url":"https:\/\/sedirelyon.fr\/lesdiaconessesdurocher\/2017\/06\/10\/participation-femmes-dialogue\/","og_site_name":"Les Diaconesses du Rocher","article_published_time":"2017-06-10T06:50:16+00:00","og_image":[{"url":"https:\/\/sedirelyon.fr\/lesdiaconessesdurocher\/wp-content\/uploads\/sites\/2\/2016\/07\/diaconesse-chinoise-petite-150x150.jpg","type":"","width":"","height":""}],"author":"nathaliemignonat","twitter_card":"summary_large_image","twitter_misc":{"\u00c9crit par":"nathaliemignonat","Dur\u00e9e de lecture estim\u00e9e":"1 minute"},"schema":{"@context":"https:\/\/schema.org","@graph":[{"@type":"Article","@id":"https:\/\/sedirelyon.fr\/lesdiaconessesdurocher\/2017\/06\/10\/participation-femmes-dialogue\/#article","isPartOf":{"@id":"https:\/\/sedirelyon.fr\/lesdiaconessesdurocher\/2017\/06\/10\/participation-femmes-dialogue\/"},"author":{"name":"nathaliemignonat","@id":"https:\/\/sedirelyon.fr\/lesdiaconessesdurocher\/#\/schema\/person\/fec69ce68ddb87cae58190bb2da6585c"},"headline":"participation des femmes au dialogue","datePublished":"2017-06-10T06:50:16+00:00","mainEntityOfPage":{"@id":"https:\/\/sedirelyon.fr\/lesdiaconessesdurocher\/2017\/06\/10\/participation-femmes-dialogue\/"},"wordCount":204,"commentCount":0,"image":{"@id":"https:\/\/sedirelyon.fr\/lesdiaconessesdurocher\/2017\/06\/10\/participation-femmes-dialogue\/#primaryimage"},"thumbnailUrl":"https:\/\/sedirelyon.fr\/lesdiaconessesdurocher\/wp-content\/uploads\/sites\/2\/2016\/07\/diaconesse-chinoise-petite-150x150.jpg","inLanguage":"fr-FR","potentialAction":[{"@type":"CommentAction","name":"Comment","target":["https:\/\/sedirelyon.fr\/lesdiaconessesdurocher\/2017\/06\/10\/participation-femmes-dialogue\/#respond"]}]},{"@type":"WebPage","@id":"https:\/\/sedirelyon.fr\/lesdiaconessesdurocher\/2017\/06\/10\/participation-femmes-dialogue\/","url":"https:\/\/sedirelyon.fr\/lesdiaconessesdurocher\/2017\/06\/10\/participation-femmes-dialogue\/","name":"participation des femmes au dialogue - Les Diaconesses du Rocher","isPartOf":{"@id":"https:\/\/sedirelyon.fr\/lesdiaconessesdurocher\/#website"},"primaryImageOfPage":{"@id":"https:\/\/sedirelyon.fr\/lesdiaconessesdurocher\/2017\/06\/10\/participation-femmes-dialogue\/#primaryimage"},"image":{"@id":"https:\/\/sedirelyon.fr\/lesdiaconessesdurocher\/2017\/06\/10\/participation-femmes-dialogue\/#primaryimage"},"thumbnailUrl":"https:\/\/sedirelyon.fr\/lesdiaconessesdurocher\/wp-content\/uploads\/sites\/2\/2016\/07\/diaconesse-chinoise-petite-150x150.jpg","datePublished":"2017-06-10T06:50:16+00:00","author":{"@id":"https:\/\/sedirelyon.fr\/lesdiaconessesdurocher\/#\/schema\/person\/fec69ce68ddb87cae58190bb2da6585c"},"breadcrumb":{"@id":"https:\/\/sedirelyon.fr\/lesdiaconessesdurocher\/2017\/06\/10\/participation-femmes-dialogue\/#breadcrumb"},"inLanguage":"fr-FR","potentialAction":[{"@type":"ReadAction","target":["https:\/\/sedirelyon.fr\/lesdiaconessesdurocher\/2017\/06\/10\/participation-femmes-dialogue\/"]}]},{"@type":"ImageObject","inLanguage":"fr-FR","@id":"https:\/\/sedirelyon.fr\/lesdiaconessesdurocher\/2017\/06\/10\/participation-femmes-dialogue\/#primaryimage","url":"https:\/\/i0.wp.com\/sedirelyon.fr\/lesdiaconessesdurocher\/wp-content\/uploads\/sites\/2\/2016\/07\/diaconesse-chinoise-petite.jpg?fit=336%2C582&ssl=1","contentUrl":"https:\/\/i0.wp.com\/sedirelyon.fr\/lesdiaconessesdurocher\/wp-content\/uploads\/sites\/2\/2016\/07\/diaconesse-chinoise-petite.jpg?fit=336%2C582&ssl=1","width":336,"height":582},{"@type":"BreadcrumbList","@id":"https:\/\/sedirelyon.fr\/lesdiaconessesdurocher\/2017\/06\/10\/participation-femmes-dialogue\/#breadcrumb","itemListElement":[{"@type":"ListItem","position":1,"name":"Accueil","item":"https:\/\/sedirelyon.fr\/lesdiaconessesdurocher\/"},{"@type":"ListItem","position":2,"name":"participation des femmes au dialogue"}]},{"@type":"WebSite","@id":"https:\/\/sedirelyon.fr\/lesdiaconessesdurocher\/#website","url":"https:\/\/sedirelyon.fr\/lesdiaconessesdurocher\/","name":"Les Diaconesses du Rocher","description":"des femmes dans l&#039;Eglise","potentialAction":[{"@type":"SearchAction","target":{"@type":"EntryPoint","urlTemplate":"https:\/\/sedirelyon.fr\/lesdiaconessesdurocher\/?s={search_term_string}"},"query-input":{"@type":"PropertyValueSpecification","valueRequired":true,"valueName":"search_term_string"}}],"inLanguage":"fr-FR"},{"@type":"Person","@id":"https:\/\/sedirelyon.fr\/lesdiaconessesdurocher\/#\/schema\/person\/fec69ce68ddb87cae58190bb2da6585c","name":"nathaliemignonat","image":{"@type":"ImageObject","inLanguage":"fr-FR","@id":"https:\/\/secure.gravatar.com\/avatar\/43b6c881825b4291900a6ca166839d84423e547afe9939045766753e028b6776?s=96&d=mm&r=g","url":"https:\/\/secure.gravatar.com\/avatar\/43b6c881825b4291900a6ca166839d84423e547afe9939045766753e028b6776?s=96&d=mm&r=g","contentUrl":"https:\/\/secure.gravatar.com\/avatar\/43b6c881825b4291900a6ca166839d84423e547afe9939045766753e028b6776?s=96&d=mm&r=g","caption":"nathaliemignonat"},"url":"https:\/\/sedirelyon.fr\/lesdiaconessesdurocher\/author\/nathaliemignonat\/"}]}},"jetpack_publicize_connections":[],"jetpack_featured_media_url":"","jetpack_sharing_enabled":true,"jetpack_shortlink":"https:\/\/wp.me\/p7xNTI-6o","jetpack-related-posts":[],"_links":{"self":[{"href":"https:\/\/sedirelyon.fr\/lesdiaconessesdurocher\/wp-json\/wp\/v2\/posts\/396","targetHints":{"allow":["GET"]}}],"collection":[{"href":"https:\/\/sedirelyon.fr\/lesdiaconessesdurocher\/wp-json\/wp\/v2\/posts"}],"about":[{"href":"https:\/\/sedirelyon.fr\/lesdiaconessesdurocher\/wp-json\/wp\/v2\/types\/post"}],"author":[{"embeddable":true,"href":"https:\/\/sedirelyon.fr\/lesdiaconessesdurocher\/wp-json\/wp\/v2\/users\/1"}],"replies":[{"embeddable":true,"href":"https:\/\/sedirelyon.fr\/lesdiaconessesdurocher\/wp-json\/wp\/v2\/comments?post=396"}],"version-history":[{"count":5,"href":"https:\/\/sedirelyon.fr\/lesdiaconessesdurocher\/wp-json\/wp\/v2\/posts\/396\/revisions"}],"predecessor-version":[{"id":407,"href":"https:\/\/sedirelyon.fr\/lesdiaconessesdurocher\/wp-json\/wp\/v2\/posts\/396\/revisions\/407"}],"wp:attachment":[{"href":"https:\/\/sedirelyon.fr\/lesdiaconessesdurocher\/wp-json\/wp\/v2\/media?parent=396"}],"wp:term":[{"taxonomy":"category","embeddable":true,"href":"https:\/\/sedirelyon.fr\/lesdiaconessesdurocher\/wp-json\/wp\/v2\/categories?post=396"},{"taxonomy":"post_tag","embeddable":true,"href":"https:\/\/sedirelyon.fr\/lesdiaconessesdurocher\/wp-json\/wp\/v2\/tags?post=396"}],"curies":[{"name":"wp","href":"https:\/\/api.w.org\/{rel}","templated":true}]}}